{"id":139604,"date":"2015-06-09T23:00:18","date_gmt":"2015-06-09T21:00:18","guid":{"rendered":"http:\/\/www.fuldaer-nachrichten.de\/?p=139604"},"modified":"2015-06-09T23:00:18","modified_gmt":"2015-06-09T21:00:18","slug":"neues-von-der-vhs-vogelsberg-6","status":"publish","type":"post","link":"https:\/\/www.fuldaernachrichten.de\/?p=139604","title":{"rendered":"Neues von der vhs Vogelsberg"},"content":{"rendered":"<p>Afrokubanische Rhythmen f\u00fcr Einsteiger<br \/>\nEin Wochenendworkshop der Volkshochschule des Vogelsbergkreises findet am 20. und 21. Juni in Homberg (Ohm) statt. Dabei werden Grundrhythmen der afrokubanischen Musik wie Son, ChaChaCha und Bolero erarbeitet. Workshopteilnehmer\/innen lernen au\u00dferdem die Clave und typische Rhythmen auf den Instrumenten Bongos, Maracas, Campana, Guiro und Conga kennen. Der Workshop ist f\u00fcr Anf\u00e4nger mit rhythmischer Vorbildung geeignet.<br \/>\nVerbindliche Anmeldung bis 12. Juni.<\/p>\n<p>Peruanischer Silberschmuck selbst herstellen<br \/>\nEin Workshop der Volkshochschule des Vogelsbergkreises findet am Samstag, 27. Juni, von 14 bis 18.30 Uhr in Alsfeld statt. Hier werden aus Silberdraht oder versilbertem Kupferdraht und Schmucksteinen Schmuckst\u00fccke, inspiriert von den peruanischen Nasca-Linien, hergestellt.<br \/>\nDie Nasca-Linien sind riesige Scharrbilder (Geoglyphen) in der W\u00fcste bei Nasca und Palpa in Peru. Entdeckt wurden die Nasca-Linien erst 1924 als die ersten kommerziellen Fluglinien \u00fcber die Nasca-W\u00fcste flogen und die beige-gelben Linien, die sich in den oberen Gesteinsschichten abzeichneten, ausmachten. Sie geh\u00f6ren zum Weltkulturerbe Perus und inspirieren bis heute die peruanische Schmuckgestaltung.<br \/>\nZu Beginn des Workshops werden die Teilnehmer\/innen von der Kursleiterin in die kulturellen Hintergr\u00fcnde dieser Schmuckgestaltung eingef\u00fchrt und erfahren im Laufe des Workshops vieles \u00fcber ihr Land Peru.<br \/>\nVerbindliche Anmeldung bis 12. Juni.<\/p>\n<p>Weitere Informationen und Anmeldung bei der vhs, F\u00e4rbergasse 2, 36304 Alsfeld, Tel. 06631 792-7700, oder im Internet unter www.vhs-vogelsberg.de.<\/p>\n","protected":false},"excerpt":{"rendered":"<div class=\"tmnf_excerpt\"><p>Afrokubanische Rhythmen f\u00fcr Einsteiger Ein Wochenendworkshop der Volkshochschule des Vogelsbergkreises findet am 20. und 21. Juni in Homberg (Ohm) statt. Dabei werden Grundrhythmen der afrokubanischen Musik wie Son, ChaChaCha und Bolero erarbeitet. Workshopteilnehmer\/innen lernen au\u00dferdem die Clave und typische Rhythmen auf den Instrumenten Bongos, Maracas, Campana, Guiro und Conga kennen. Der Workshop ist f\u00fcr Anf\u00e4nger &hellip;<\/p>\n<\/div>","protected":false},"author":1,"featured_media":0,"comment_status":"closed","ping_status":"closed","sticky":false,"template":"","format":"standard","meta":{"footnotes":""},"categories":[1,53],"tags":[],"class_list":["post-139604","post","type-post","status-publish","format-standard","hentry","category-startseite","category-bildung"],"_links":{"self":[{"href":"https:\/\/www.fuldaernachrichten.de\/index.php?rest_route=\/wp\/v2\/posts\/139604","targetHints":{"allow":["GET"]}}],"collection":[{"href":"https:\/\/www.fuldaernachrichten.de\/index.php?rest_route=\/wp\/v2\/posts"}],"about":[{"href":"https:\/\/www.fuldaernachrichten.de\/index.php?rest_route=\/wp\/v2\/types\/post"}],"author":[{"embeddable":true,"href":"https:\/\/www.fuldaernachrichten.de\/index.php?rest_route=\/wp\/v2\/users\/1"}],"replies":[{"embeddable":true,"href":"https:\/\/www.fuldaernachrichten.de\/index.php?rest_route=%2Fwp%2Fv2%2Fcomments&post=139604"}],"version-history":[{"count":1,"href":"https:\/\/www.fuldaernachrichten.de\/index.php?rest_route=\/wp\/v2\/posts\/139604\/revisions"}],"predecessor-version":[{"id":139607,"href":"https:\/\/www.fuldaernachrichten.de\/index.php?rest_route=\/wp\/v2\/posts\/139604\/revisions\/139607"}],"wp:attachment":[{"href":"https:\/\/www.fuldaernachrichten.de\/index.php?rest_route=%2Fwp%2Fv2%2Fmedia&parent=139604"}],"wp:term":[{"taxonomy":"category","embeddable":true,"href":"https:\/\/www.fuldaernachrichten.de\/index.php?rest_route=%2Fwp%2Fv2%2Fcategories&post=139604"},{"taxonomy":"post_tag","embeddable":true,"href":"https:\/\/www.fuldaernachrichten.de\/index.php?rest_route=%2Fwp%2Fv2%2Ftags&post=139604"}],"curies":[{"name":"wp","href":"https:\/\/api.w.org\/{rel}","templated":true}]}}