{"id":139592,"date":"2015-06-09T22:57:47","date_gmt":"2015-06-09T20:57:47","guid":{"rendered":"http:\/\/www.fuldaer-nachrichten.de\/?p=139592"},"modified":"2015-06-09T22:57:47","modified_gmt":"2015-06-09T20:57:47","slug":"palliativstiftung-begruesst-gesetzentwurf-zum-verbot-der-organisierten-beihilfe-zur-selbsttoetung","status":"publish","type":"post","link":"https:\/\/www.fuldaernachrichten.de\/?p=139592","title":{"rendered":"PalliativStiftung begr\u00fc\u00dft Gesetzentwurf zum Verbot der organisierten Beihilfe zur Selbstt\u00f6tung"},"content":{"rendered":"<p>Der fraktions\u00fcbergreifende Gesetzentwurf zum Verbot der organisierten Beihilfe zur Selbstt\u00f6tung wurde heute ver\u00f6ffentlicht \u2013 die Deutsche PalliativStiftung (DPS) sieht dort all ihre Forderungen in Bezug auf eine gesetzliche Regelung der Beihilfe zur Selbstt\u00f6tung erf\u00fcllt.<\/p>\n<p>\u201eDer aktuelle Gesetzentwurf gegen eine Erleichterung von Selbstt\u00f6tung ist der K\u00f6nigsweg und nimmt alle Forderungen von Experten auch der PalliativStiftung die wir seit Jahren formulieren auf.\u201c so der Vorstandsvorsitzende der DPS Thomas Sitte.<\/p>\n<p>Die Deutsche PalliativStiftung fordert, dass jede organisierte F\u00f6rderung der Selbstt\u00f6tung verboten werden muss, da sie Selbstt\u00f6tungen nicht vorbeuge, sondern eben diese f\u00f6rdere. Auch heute gilt schon, wenn eine Patientenverf\u00fcgung vorliegt, darf niemand gegen seinen Wunsch am Leben erhalten werden. Gleichzeitig gilt, dass kein menschliches Leben aktiv beendet werden darf. Dieses spiegelt der aktuelle Gesetzentwurf wieder.<\/p>\n<p>Aufgabe ist es weiterhin, die Gesellschaft \u00fcber die M\u00f6glichkeiten von Hospizarbeit und Palliativversorgung als lebensbejahende Alternative bestm\u00f6glich zu informieren und diese f\u00fcr jeden verf\u00fcgbar zu machen. \u201eNun sind die \u00c4rztekammern gefordert zu kl\u00e4ren, dass das Berufsrecht in diesen grundlegenden Fragen in allen Bundesl\u00e4ndern einheitlich ist.\u201c so Sitte. Sowohl jeder B\u00fcrger als auch Palliativexperten und \u00c4rzte m\u00fcssten verstehen was erlaubt ist und wo die Grenzen sind. Hierf\u00fcr bedarf es weiter intensiver \u00d6ffentlichkeitsarbeit.<\/p>\n","protected":false},"excerpt":{"rendered":"<div class=\"tmnf_excerpt\"><p>Der fraktions\u00fcbergreifende Gesetzentwurf zum Verbot der organisierten Beihilfe zur Selbstt\u00f6tung wurde heute ver\u00f6ffentlicht \u2013 die Deutsche PalliativStiftung (DPS) sieht dort all ihre Forderungen in Bezug auf eine gesetzliche Regelung der Beihilfe zur Selbstt\u00f6tung erf\u00fcllt. \u201eDer aktuelle Gesetzentwurf gegen eine Erleichterung von Selbstt\u00f6tung ist der K\u00f6nigsweg und nimmt alle Forderungen von Experten auch der PalliativStiftung die &hellip;<\/p>\n<\/div>","protected":false},"author":1,"featured_media":0,"comment_status":"closed","ping_status":"closed","sticky":false,"template":"","format":"standard","meta":{"footnotes":""},"categories":[1],"tags":[],"class_list":["post-139592","post","type-post","status-publish","format-standard","hentry","category-startseite"],"_links":{"self":[{"href":"https:\/\/www.fuldaernachrichten.de\/index.php?rest_route=\/wp\/v2\/posts\/139592","targetHints":{"allow":["GET"]}}],"collection":[{"href":"https:\/\/www.fuldaernachrichten.de\/index.php?rest_route=\/wp\/v2\/posts"}],"about":[{"href":"https:\/\/www.fuldaernachrichten.de\/index.php?rest_route=\/wp\/v2\/types\/post"}],"author":[{"embeddable":true,"href":"https:\/\/www.fuldaernachrichten.de\/index.php?rest_route=\/wp\/v2\/users\/1"}],"replies":[{"embeddable":true,"href":"https:\/\/www.fuldaernachrichten.de\/index.php?rest_route=%2Fwp%2Fv2%2Fcomments&post=139592"}],"version-history":[{"count":1,"href":"https:\/\/www.fuldaernachrichten.de\/index.php?rest_route=\/wp\/v2\/posts\/139592\/revisions"}],"predecessor-version":[{"id":139595,"href":"https:\/\/www.fuldaernachrichten.de\/index.php?rest_route=\/wp\/v2\/posts\/139592\/revisions\/139595"}],"wp:attachment":[{"href":"https:\/\/www.fuldaernachrichten.de\/index.php?rest_route=%2Fwp%2Fv2%2Fmedia&parent=139592"}],"wp:term":[{"taxonomy":"category","embeddable":true,"href":"https:\/\/www.fuldaernachrichten.de\/index.php?rest_route=%2Fwp%2Fv2%2Fcategories&post=139592"},{"taxonomy":"post_tag","embeddable":true,"href":"https:\/\/www.fuldaernachrichten.de\/index.php?rest_route=%2Fwp%2Fv2%2Ftags&post=139592"}],"curies":[{"name":"wp","href":"https:\/\/api.w.org\/{rel}","templated":true}]}}