{"id":139591,"date":"2015-06-09T22:57:08","date_gmt":"2015-06-09T20:57:08","guid":{"rendered":"http:\/\/www.fuldaer-nachrichten.de\/?p=139591"},"modified":"2015-06-09T22:57:08","modified_gmt":"2015-06-09T20:57:08","slug":"tk-fordert-qualitaetsmessung-muss-bereits-bei-der-indikationsstellung-beginnen","status":"publish","type":"post","link":"https:\/\/www.fuldaernachrichten.de\/?p=139591","title":{"rendered":"TK fordert: Qualit\u00e4tsmessung muss bereits bei der Indikationsstellung beginnen"},"content":{"rendered":"<p>Morgen soll die neue Krankenhausreform mit Bundeskabinett beschlossen werden. Ein zentrales Ziel des Gesetzes ist es, den Patienten die Wahl ihres Behandlungsortes k\u00fcnftig zu erleichtern. Das unabh\u00e4ngige Institut f\u00fcr Qualit\u00e4tssicherung und Transparenz im Gesundheitswesen (IQTiG) wird dazu auf verst\u00e4ndliche Art Daten dar\u00fcber bereitstellen, wie hoch die Qualit\u00e4t der Leistungen der einzelnen Kliniken in Deutschland ist. &#8220;Die geplante h\u00f6here Transparenz gegen\u00fcber dem Patienten unterst\u00fctzen wir sehr&#8221;, sagt Dr. Barbara Vo\u00df, Leiterin der Landesvertretung Hessen der Techniker Krankenkasse (TK). Patienten br\u00e4uchten unabh\u00e4ngige und verst\u00e4ndliche Informationen \u00fcber die Versorgungsqualit\u00e4t in den Kliniken. Erst dann k\u00f6nnten sie H\u00e4user miteinander vergleichen. &#8220;Doch die \u00dcberlegungen d\u00fcrften sich nicht nur auf die Qualit\u00e4t der Behandlung verk\u00fcrzen, sondern m\u00fcssten viel fr\u00fcher ansetzen &#8211; n\u00e4mlich schon bei der Qualit\u00e4t der Indikationsstellung&#8221;, fordert Vo\u00df.<\/p>\n<p>Durch eine gute Indikationsstellung k\u00f6nnen Behandlungen vermieden werden, die zwar mit einer qualitativ hochwertigen Therapie und gutem Ergebnis durchgef\u00fchrt worden sind, aber bei richtiger Indikationsstellung gar nicht erforderlich gewesen w\u00e4ren. Um die richtige Indikation abzusichern ist die im Versorgungsstrukturgesetz geplante Einf\u00fchrung von Zweitmeinungsverfahren f\u00fcr bestimmte Leistungen ein wichtiger Schritt. &#8220;Sie ist allerdings nur dann sinnvoll, wenn die zweite Meinung bei einem Arzt einer anderen Fachrichtung oder besser noch bei einem interdisziplin\u00e4ren \u00c4rzteteam eingeholt wird&#8221;, sagt Vo\u00df. Gehe ein Patient mit R\u00fcckenbeschwerden beispielsweise nach einer ersten OP-Empfehlung zu einem zweiten Neurochirurgen, sei die Chance gro\u00df, dass auch dieser zum Skalpell rate. &#8220;Besser ist es, wenn der Patient in diesem Fall von einem Team aus Physio-, Schmerz- und Psychotherapeuten untersucht wird.&#8221;<\/p>\n<p>Die TK bietet ihren Versicherten schon seit ca. f\u00fcnf Jahren an, sich vor einer Wirbels\u00e4ulen-OP eine zweite Meinung bei einem interdisziplin\u00e4ren Team einzuholen. Die Krankenkasse arbeitet dabei mit 33 Schmerzzentren in Deutschland zusammen. Eine Auswertung dieses Versorgungsangebotes hat erst k\u00fcrzlich gezeigt, dass es in 85 Prozent der F\u00e4lle durchaus eine Alternative zum Skalpell gibt.<\/p>\n","protected":false},"excerpt":{"rendered":"<div class=\"tmnf_excerpt\"><p>Morgen soll die neue Krankenhausreform mit Bundeskabinett beschlossen werden. Ein zentrales Ziel des Gesetzes ist es, den Patienten die Wahl ihres Behandlungsortes k\u00fcnftig zu erleichtern. Das unabh\u00e4ngige Institut f\u00fcr Qualit\u00e4tssicherung und Transparenz im Gesundheitswesen (IQTiG) wird dazu auf verst\u00e4ndliche Art Daten dar\u00fcber bereitstellen, wie hoch die Qualit\u00e4t der Leistungen der einzelnen Kliniken in Deutschland ist. &hellip;<\/p>\n<\/div>","protected":false},"author":1,"featured_media":0,"comment_status":"closed","ping_status":"closed","sticky":false,"template":"","format":"standard","meta":{"footnotes":""},"categories":[1,51],"tags":[],"class_list":["post-139591","post","type-post","status-publish","format-standard","hentry","category-startseite","category-medizin"],"_links":{"self":[{"href":"https:\/\/www.fuldaernachrichten.de\/index.php?rest_route=\/wp\/v2\/posts\/139591","targetHints":{"allow":["GET"]}}],"collection":[{"href":"https:\/\/www.fuldaernachrichten.de\/index.php?rest_route=\/wp\/v2\/posts"}],"about":[{"href":"https:\/\/www.fuldaernachrichten.de\/index.php?rest_route=\/wp\/v2\/types\/post"}],"author":[{"embeddable":true,"href":"https:\/\/www.fuldaernachrichten.de\/index.php?rest_route=\/wp\/v2\/users\/1"}],"replies":[{"embeddable":true,"href":"https:\/\/www.fuldaernachrichten.de\/index.php?rest_route=%2Fwp%2Fv2%2Fcomments&post=139591"}],"version-history":[{"count":1,"href":"https:\/\/www.fuldaernachrichten.de\/index.php?rest_route=\/wp\/v2\/posts\/139591\/revisions"}],"predecessor-version":[{"id":139593,"href":"https:\/\/www.fuldaernachrichten.de\/index.php?rest_route=\/wp\/v2\/posts\/139591\/revisions\/139593"}],"wp:attachment":[{"href":"https:\/\/www.fuldaernachrichten.de\/index.php?rest_route=%2Fwp%2Fv2%2Fmedia&parent=139591"}],"wp:term":[{"taxonomy":"category","embeddable":true,"href":"https:\/\/www.fuldaernachrichten.de\/index.php?rest_route=%2Fwp%2Fv2%2Fcategories&post=139591"},{"taxonomy":"post_tag","embeddable":true,"href":"https:\/\/www.fuldaernachrichten.de\/index.php?rest_route=%2Fwp%2Fv2%2Ftags&post=139591"}],"curies":[{"name":"wp","href":"https:\/\/api.w.org\/{rel}","templated":true}]}}