{"id":139575,"date":"2015-06-09T08:38:26","date_gmt":"2015-06-09T06:38:26","guid":{"rendered":"http:\/\/www.fuldaer-nachrichten.de\/?p=139575"},"modified":"2015-06-09T08:38:26","modified_gmt":"2015-06-09T06:38:26","slug":"gedenktafel-im-kolumbarium-von-terezin-erinnert-an-juedische-opfer-aus-fulda","status":"publish","type":"post","link":"https:\/\/www.fuldaernachrichten.de\/?p=139575","title":{"rendered":"Gedenktafel im Kolumbarium von Terez\u00c3\u00adn erinnert an j\u00fcdische Opfer aus Fulda"},"content":{"rendered":"<p><a href=\"http:\/\/www.fuldaer-nachrichten.de\/wp-content\/uploads\/2015\/06\/DSC_0649.jpg\"><img decoding=\"async\" class=\"alignleft size-thumbnail wp-image-139577\" src=\"http:\/\/www.fuldaer-nachrichten.de\/wp-content\/uploads\/2015\/06\/DSC_0649-265x177.jpg\" alt=\"DSC_0649\" width=\"265\" height=\"177\" srcset=\"https:\/\/www.fuldaernachrichten.de\/wp-content\/uploads\/2015\/06\/DSC_0649-265x177.jpg 265w, https:\/\/www.fuldaernachrichten.de\/wp-content\/uploads\/2015\/06\/DSC_0649-600x401.jpg 600w, https:\/\/www.fuldaernachrichten.de\/wp-content\/uploads\/2015\/06\/DSC_0649.jpg 900w\" sizes=\"(max-width: 265px) 100vw, 265px\" \/><\/a>Die Sonne steht hell und freundlich \u00fcber dem stillen St\u00e4dtchen Terez\u00c3\u00adn. Hei\u00df ist es. Und leuchtende Farben &#8211; ein sattes, Rotbraun der Festungsanlage, ein warmes Gelb der Barockbauten, dazu ein kr\u00e4ftiges Himmelblau &#8211; lassen fast den Schrecken des Ortes vergessen, den er einst f\u00fcr die Opfer des Nazi-Terrors bedeutete. Dabei ist es gerade mal sieben Jahrzehnte her, als der Zweite Weltkrieg auch hier in der sonst so friedlichen tschechischen Provinz eine bisher nie gekannte Dimension der Vernichtung erreichte. Die Erinnerung h\u00e4lt die Gedenkst\u00e4tte Terez\u00c3\u00adn wach, die Fuldas Oberb\u00fcrgermeister Gerhard M\u00f6ller mit einer kleinen Delegation aus wichtigem Anlass besuchte.<\/p>\n<p>Gedenken<\/p>\n<p>Vor allem f\u00fcr die j\u00fcdische Bev\u00f6lkerung bedeuteten Nazi-Diktatur und Krieg europaweit Entrechtung, Vertreibung und Ermordung. Mit drei \u201eSonderz\u00fcgen\u201c wurden die letzten in Fulda verbliebenen j\u00fcdischen Mitb\u00fcrgerinnen und Mitb\u00fcrger nach Riga, Sobibor sowie ins damalige Theresienstadt (Terez\u00c3\u00adn) transportiert. Von der nach Kaiserin Maria Theresia benannten heute tschechischen Festungsstadt ging es gerade f\u00fcr \u00e4ltere Deportierte weiter in die Vernichtungslager nach Treblinka und Auschwitz \u2013 und damit in den sicheren Tod. Ihnen, den Opfern, gedachte der Oberb\u00fcrgermeister f\u00fcr den Magistrat der Stadt und die Fuldaer Bev\u00f6lkerung mit einer Gedenkplatte im Kolumbarium des ehemaligen Ghettos von Theresienstadt.<\/p>\n<p>Pers\u00f6nliches Anliegen<\/p>\n<p><a href=\"http:\/\/www.fuldaer-nachrichten.de\/wp-content\/uploads\/2015\/06\/DSC_0632.jpg\"><img decoding=\"async\" class=\"alignleft size-thumbnail wp-image-139579\" src=\"http:\/\/www.fuldaer-nachrichten.de\/wp-content\/uploads\/2015\/06\/DSC_0632-265x177.jpg\" alt=\"DSC_0632\" width=\"265\" height=\"177\" srcset=\"https:\/\/www.fuldaernachrichten.de\/wp-content\/uploads\/2015\/06\/DSC_0632-265x177.jpg 265w, https:\/\/www.fuldaernachrichten.de\/wp-content\/uploads\/2015\/06\/DSC_0632-600x401.jpg 600w, https:\/\/www.fuldaernachrichten.de\/wp-content\/uploads\/2015\/06\/DSC_0632.jpg 900w\" sizes=\"(max-width: 265px) 100vw, 265px\" \/><\/a>Das Anbringen des Steins war f\u00fcr M\u00f6ller ein \u201epers\u00f6nliches Anliegen.\u201c Noch vor Ende seiner Amtszeit hatte er die Anregung der Fuldaer Gesellschaft f\u00fcr christlich-j\u00fcdische Zusammenarbeit und der Kommunalpolitik umsetzen wollen. Dass alles so schnell und \u201eunkompliziert\u201c seitens der Gedenkst\u00e4tte von Terez\u00c3\u00adn verlief, empfand Fuldas Verwaltungschef als ausgesprochen hilfreich. \u201eDie Zusammenarbeit war erfreulich.\u201c Der Kontakt habe au\u00dferdem gezeigt, wie wichtig die Arbeit der zentralen Gedenkst\u00e4tte Tschechiens generell ist. Dass Vojt\u00c4\u203ach Blodig, stellvertretender Leiter der Einrichtung, der Leimeritzer B\u00fcrgermeister Ladislav Chlupac, Filip Hrbek und Jaroslav Ruzicka vom Freundeskreis \u201eLito-Partner\u201c sowie Alois Hofmann f\u00fcr den Freundeskreis Fulda-Leitmeritz an der Gedenkveranstaltung teilnahmen, wertete M\u00f6ller als \u201eermutigendes Zeichen der Verbundenheit\u201c.\u00c2\u00a0 70 Jahre nach Kriegsende und der Befreiung der Lager \u201ef\u00fchlen wir uns zu dieser besonderen Geste der Erinnerung verpflichtet.\u201c Das Kolumbarium von Terez\u00c3\u00adn sei eine \u201ew\u00fcrdige und eindrucksvolle St\u00e4tte des Gedenkens und der Erinnerung.\u201c An diesem \u201eOrt der Unmenschlichkeit\u201c seien die \u201eEindr\u00fccke f\u00fcr die nachgeborene Generation am nachhaltigsten\u201c, unterstrich M\u00f6ller sichtlich bewegt.\u00c2\u00a0 Anschlie\u00dfend verlas er die Liste der nach Theresienstadt deportierten Fuldaer Opfer.<\/p>\n<p>Beitrag zur Verst\u00e4ndigung<\/p>\n<p>Als einen \u201eBeitrag zur guten Verst\u00e4ndigung zwischen Leitmeritz und Fulda beziehungsweise zwischen Tschechen und Deutschen\u201c wertete B\u00fcrgermeister Chlupac die Enth\u00fcllung der neuen Gedenktafel. In den deutschsprachigen St\u00e4dten der Tschechoslowakei wie Aussig sei das j\u00fcdische Leben vor dem Krieg tragendes Element der Gesellschaft und einer besonderen \u201etschechisch-deutsch-j\u00fcdischen\u201c kulturellen Landschaft gewesen. Aus dem, was vor dem Krieg bestand, sei lediglich ein \u201eFragment\u201c \u00fcbrig geblieben, fasste Chlupac zusammen. 90 Prozent der noch j\u00fcdischen Bev\u00f6lkerung Tschechiens lebt heute in Prag.<\/p>\n<p>Aufarbeitung der Vergangenheit<\/p>\n<p>F\u00fcr den \u201eFreundeskreis Fulda-Leimeritz\u201c unterstrich Alois Hofmann, dass die Partnerschaft zwischen der tschechischen Stadt Leitmeritz und Fulda auch von der Aufarbeitung der Vergangenheit lebe. \u201eUnsere Aufgabe ist, aus der Negativgeschichte eine positive Zukunft zu gestalten.\u201c Gemeinsam mit Filip Hrbek und Jaroslav Ruzicka legte\u00c2\u00a0 Hofmann ein Blumengebinde mit scharzem Trauerflor zum Gedenken an der Tafel nieder.<\/p>\n","protected":false},"excerpt":{"rendered":"<div class=\"tmnf_excerpt\"><p>Die Sonne steht hell und freundlich \u00fcber dem stillen St\u00e4dtchen Terez\u00c3\u00adn. Hei\u00df ist es. Und leuchtende Farben &#8211; ein sattes, Rotbraun der Festungsanlage, ein warmes Gelb der Barockbauten, dazu ein kr\u00e4ftiges Himmelblau &#8211; lassen fast den Schrecken des Ortes vergessen, den er einst f\u00fcr die Opfer des Nazi-Terrors bedeutete. Dabei ist es gerade mal sieben &hellip;<\/p>\n<\/div>","protected":false},"author":1,"featured_media":139576,"comment_status":"closed","ping_status":"closed","sticky":false,"template":"","format":"standard","meta":{"footnotes":""},"categories":[1],"tags":[],"class_list":["post-139575","post","type-post","status-publish","format-standard","has-post-thumbnail","hentry","category-startseite"],"_links":{"self":[{"href":"https:\/\/www.fuldaernachrichten.de\/index.php?rest_route=\/wp\/v2\/posts\/139575","targetHints":{"allow":["GET"]}}],"collection":[{"href":"https:\/\/www.fuldaernachrichten.de\/index.php?rest_route=\/wp\/v2\/posts"}],"about":[{"href":"https:\/\/www.fuldaernachrichten.de\/index.php?rest_route=\/wp\/v2\/types\/post"}],"author":[{"embeddable":true,"href":"https:\/\/www.fuldaernachrichten.de\/index.php?rest_route=\/wp\/v2\/users\/1"}],"replies":[{"embeddable":true,"href":"https:\/\/www.fuldaernachrichten.de\/index.php?rest_route=%2Fwp%2Fv2%2Fcomments&post=139575"}],"version-history":[{"count":1,"href":"https:\/\/www.fuldaernachrichten.de\/index.php?rest_route=\/wp\/v2\/posts\/139575\/revisions"}],"predecessor-version":[{"id":139580,"href":"https:\/\/www.fuldaernachrichten.de\/index.php?rest_route=\/wp\/v2\/posts\/139575\/revisions\/139580"}],"wp:featuredmedia":[{"embeddable":true,"href":"https:\/\/www.fuldaernachrichten.de\/index.php?rest_route=\/wp\/v2\/media\/139576"}],"wp:attachment":[{"href":"https:\/\/www.fuldaernachrichten.de\/index.php?rest_route=%2Fwp%2Fv2%2Fmedia&parent=139575"}],"wp:term":[{"taxonomy":"category","embeddable":true,"href":"https:\/\/www.fuldaernachrichten.de\/index.php?rest_route=%2Fwp%2Fv2%2Fcategories&post=139575"},{"taxonomy":"post_tag","embeddable":true,"href":"https:\/\/www.fuldaernachrichten.de\/index.php?rest_route=%2Fwp%2Fv2%2Ftags&post=139575"}],"curies":[{"name":"wp","href":"https:\/\/api.w.org\/{rel}","templated":true}]}}