{"id":139572,"date":"2015-06-09T08:37:13","date_gmt":"2015-06-09T06:37:13","guid":{"rendered":"http:\/\/www.fuldaer-nachrichten.de\/?p=139572"},"modified":"2015-06-09T08:37:13","modified_gmt":"2015-06-09T06:37:13","slug":"angebot-der-staedtische-musikschule-mit-einer-pop-band-erweitert","status":"publish","type":"post","link":"https:\/\/www.fuldaernachrichten.de\/?p=139572","title":{"rendered":"Angebot der st\u00e4dtische Musikschule mit einer Pop-Band erweitert"},"content":{"rendered":"<p>Die Musikschule erweitert stetig ihr Angebot. So auch im Bereich Popmusik, wo inzwischen die erste Band gegr\u00fcndet wurde. Die Sch\u00fclerinnen und Sch\u00fcler zwischen 12 und 15 Jahren haben bereits ihren ersten Auftritt hinter sich. Fest steht: Es wird nicht der letzte bleiben.<\/p>\n<p>In dem Proberaum des Gew\u00f6lbekellers der St\u00e4dtischen Musikschule herrscht eine lockere Atmosph\u00e4re, aber auch viel Professionalit\u00e4t. Auf dem Programm der Probe steht an diesem Tag das Lied \u201e21 Guns\u201c von Green Day. Immer wieder spielen sie es, bis alles stimmig ist.<\/p>\n<p>Vor einem Jahr wurde die Band gegr\u00fcndet. Zurzeit hat sie sieben Mitglieder, die zwischen 12 und 15 Jahre alt sind: Die beiden Schlagzeuger Luka L\u00f6ffert und Simon Kl\u00e4sener, Joshua L\u00f6ffert an der Leadgitarre, Tobias Gelver an der Rhythmusgitarre sowie die S\u00e4ngerinnen Laura Gert und Janna Ritter. Kurt Adolph \u00fcbernimmt die Bassgitarre, da diese Position derzeit unbesetzt ist.<\/p>\n<p>Zus\u00e4tzlich zu den Instrumental- und Gesangsunterrichten bei den Lehrern Kurt Adolph, Klaus Schenk und Raili Orrava spielen die Sch\u00fcler jeden Donnerstag 45 Minuten unter der Leitung von Kurt Adolph zusammen. \u201eWir \u00fcberziehen aber regelm\u00e4\u00dfig\u201c, geben sie zu. Doch das scheint keiner der Teilnehmer zu st\u00f6ren, im Gegenteil: Deren Spa\u00df an der Sache ist deutlich sichtbar.<\/p>\n<p>Lieder von Ed Sheeran, Sheryl Crow oder Green Day geh\u00f6ren zum Repertoire der Band. \u201eAm Anfang habe ich die Lieder noch selbst ausgew\u00e4hlt, weil die Sch\u00fcler nicht wussten, ob die Band diese St\u00fccke von den Instrumenten her spielen kann\u201c, sagt Adolph. \u201eMittlerweile haben sie aber ihr musikalisches Ohr trainiert und w\u00e4hlen selbst, was sie spielen.\u201c<\/p>\n<p>Die st\u00e4dtische Musikschule hat bereits viele Ensembles, doch eine Pop-Band gab es bisher nicht. \u201eDie Musikschule spiegelt die Musikwelt wider. Klassische Musik geh\u00f6rt selbstverst\u00e4ndlich dazu, aber daneben gibt es auch noch viele andere Musikrichtungen\u201c, erkl\u00e4rt Christoph Stibor, Leiter der Musikschule.<\/p>\n<p>\u201eIn einer Band zu spielen, sch\u00e4rft das Stilbewusstsein und entwickelt das Gesp\u00fcr f\u00fcr kreative Prozesse\u201c, so Christoph Stibor und f\u00fcgt hinzu: \u201eDas Ensemblespielen ist ein wichtiger Aspekt musikalischer Ausbildung.\u201c Auch Lehrer Kurt Adolph sieht ein Unterschied, zwischen Sch\u00fcler, die in einer Band spielen, und die, die nicht dabei sind. \u201eDen Bandmitgliedern muss ich im Unterricht einfach weniger erkl\u00e4ren.\u201c<\/p>\n<p>Auch f\u00fcr die Musikerinnen und Musiker selbst ist die Band eine besondere Angelegenheit. \u201eEs macht mehr Spa\u00df in einer Gruppe zu spielen als alleine\u201c, sagt Gitarrist Tobias Gelver. Das sagt auch Schlagzeuger Luka L\u00f6ffert: \u201eAls ich von der Band erfahren habe, wollte ich sofort einsteigen.\u201c Die Begeisterung f\u00fcr die Musik ist bei jedem sichtbar. \u201eIch habe jeden Tag mit Musik zu tun\u201c, sagt S\u00e4ngerin Laura Gert.<\/p>\n<p>Vor wenigen Wochen hatte die Band ihren ersten gro\u00dfen Auftritt im Forum Kanzlerpalais. F\u00fcr alle Mitglieder war es ein besonderer Moment. \u201eDie ganze Arbeit wird vom Applaus des Publikums belohnt\u201c, sagt Adolph. Am kommenden Samstag steht bereits das n\u00e4chste Konzert an, dieses Mal im Freien.<\/p>\n<p>Noch hat die Band keinen Namen. \u201eWir haben noch nichts passendes gefunden, bleiben aber am Ball\u201c, so Adolph. Wer Vorschl\u00e4ge hat, kann sich gerne an der Musikschule wenden.<\/p>\n<p>Die Pop-Band der Musikschule tritt am Samstag, 13. Juni 2015, von ca. 13.15 bis 14 Uhr im Rahmen des Stadtfestes auf der B\u00fchne am Universit\u00e4tsplatz auf.<\/p>\n","protected":false},"excerpt":{"rendered":"<div class=\"tmnf_excerpt\"><p>Die Musikschule erweitert stetig ihr Angebot. So auch im Bereich Popmusik, wo inzwischen die erste Band gegr\u00fcndet wurde. Die Sch\u00fclerinnen und Sch\u00fcler zwischen 12 und 15 Jahren haben bereits ihren ersten Auftritt hinter sich. Fest steht: Es wird nicht der letzte bleiben. In dem Proberaum des Gew\u00f6lbekellers der St\u00e4dtischen Musikschule herrscht eine lockere Atmosph\u00e4re, aber &hellip;<\/p>\n<\/div>","protected":false},"author":1,"featured_media":139573,"comment_status":"closed","ping_status":"closed","sticky":false,"template":"","format":"standard","meta":{"footnotes":""},"categories":[1,44],"tags":[],"class_list":["post-139572","post","type-post","status-publish","format-standard","has-post-thumbnail","hentry","category-startseite","category-kultur"],"_links":{"self":[{"href":"https:\/\/www.fuldaernachrichten.de\/index.php?rest_route=\/wp\/v2\/posts\/139572","targetHints":{"allow":["GET"]}}],"collection":[{"href":"https:\/\/www.fuldaernachrichten.de\/index.php?rest_route=\/wp\/v2\/posts"}],"about":[{"href":"https:\/\/www.fuldaernachrichten.de\/index.php?rest_route=\/wp\/v2\/types\/post"}],"author":[{"embeddable":true,"href":"https:\/\/www.fuldaernachrichten.de\/index.php?rest_route=\/wp\/v2\/users\/1"}],"replies":[{"embeddable":true,"href":"https:\/\/www.fuldaernachrichten.de\/index.php?rest_route=%2Fwp%2Fv2%2Fcomments&post=139572"}],"version-history":[{"count":1,"href":"https:\/\/www.fuldaernachrichten.de\/index.php?rest_route=\/wp\/v2\/posts\/139572\/revisions"}],"predecessor-version":[{"id":139574,"href":"https:\/\/www.fuldaernachrichten.de\/index.php?rest_route=\/wp\/v2\/posts\/139572\/revisions\/139574"}],"wp:featuredmedia":[{"embeddable":true,"href":"https:\/\/www.fuldaernachrichten.de\/index.php?rest_route=\/wp\/v2\/media\/139573"}],"wp:attachment":[{"href":"https:\/\/www.fuldaernachrichten.de\/index.php?rest_route=%2Fwp%2Fv2%2Fmedia&parent=139572"}],"wp:term":[{"taxonomy":"category","embeddable":true,"href":"https:\/\/www.fuldaernachrichten.de\/index.php?rest_route=%2Fwp%2Fv2%2Fcategories&post=139572"},{"taxonomy":"post_tag","embeddable":true,"href":"https:\/\/www.fuldaernachrichten.de\/index.php?rest_route=%2Fwp%2Fv2%2Ftags&post=139572"}],"curies":[{"name":"wp","href":"https:\/\/api.w.org\/{rel}","templated":true}]}}