{"id":139426,"date":"2015-06-08T16:36:35","date_gmt":"2015-06-08T14:36:35","guid":{"rendered":"http:\/\/www.fuldaer-nachrichten.de\/?p=139426"},"modified":"2015-06-08T16:36:59","modified_gmt":"2015-06-08T14:36:59","slug":"anstoss-ausbildung-tor-in-die-zukunft","status":"publish","type":"post","link":"https:\/\/www.fuldaernachrichten.de\/?p=139426","title":{"rendered":"Ansto\u00df Ausbildung: Tor in die Zukunft"},"content":{"rendered":"<p>Jugendliche der Region Fulda und Osthessen bei ihrer beruflichen Orientierung und Ausbildung zu unterstu\u00cc\u02c6tzen ist das Ziel einer Kooperation von JFV Viktoria Fulda 2012 e.V., der Sparda Bank Hessen eG und der Industrie- und Handelskammer (IHK) Fulda. Auf einer Pressekonferenz auf dem Fu\u00dfballfeld des TSV Lehnerz wurde das Projekt mit dem Titel: \u201eAnsto\u00df Ausbildung: Tor in die Zukunft\u201c am 8. Juni vorgestellt.<\/p>\n<p>Unter dem Dach des Jugendf\u00f6rdervereins Viktoria Fulda (JFV) haben sich im April 2012 die Fu\u00dfballvereine TSV Lehnerz und Viktoria Bronnzell zusammengeschlossen. Alle Jugendklassen des Vereins spielen in der Hessenliga. Die B-Junioren klopften bereits an die Tu\u00cc\u02c6r zur Bundesliga.<\/p>\n<p>\u201eDas Ausbildungskonzept des JFV Viktoria Fulda 2012 e.V. umfasst nicht nur sportliche Ziele. Wir wollen unseren Juniorspielern die Bedeutung von Schul- und Berufsabschlu\u00cc\u02c6ssen verdeutlichen und ihnen auch soziale Werte wie Fairplay, Solidarit\u00e4t, Gemeinschaftsgefu\u00cc\u02c6hl und Integrationsbewusstsein vermitteln, die sowohl im Privat- als auch im Berufsleben nu\u00cc\u02c6tzlich sind\u201c, erl\u00e4uterte Thomas Dreifu\u00cc\u02c6rst, Vorstandsvorsitzender von JFV Viktoria Fulda, das Konzept.<\/p>\n<p>Der Verein beteiligt sich bereits aktiv an der Kampagne des Hessischen Fu\u00dfball-Verbandes \u201eFu\u00cc\u02c6r Integration, Vielfalt und Respekt \u2013 gegen Diskriminierung, Rassismus, Antisemitismus, Rechtsextremismus und Gewalt in und um den Fu\u00dfball\u201c. Auch mit dem gemeinnu\u00cc\u02c6tzigen Verein \u201eSMOG \u2013 Schule machen ohne Gewalt\u201c arbeitet Viktoria Fulda eng zusammen.<\/p>\n<p>Informationsveranstaltungen, Bewerbungstrainings und Seminare sollen den jungen Spielern eine gute Basis bieten, um sich gezielt auf einen erfolgreichen Berufsweg vorzubereiten. Denn Fu\u00dfballvereine und Unternehmen stehen vor der gleichen Herausforderung, talentierte Jugendliche in der Region zu halten. Dabei k\u00f6nnen sie sich gegenseitig unterstu\u00cc\u02c6tzen.<\/p>\n<p>\u201eDie Juniorenfu\u00dfballer sollen zum Beispiel Berufsbilder kennenlernen, die nicht so bekannt sind, um leichter einen passenden Ausbildungsweg einzuschlagen\u201c, unterstrich Armin Gerbeth. Der Leiter Berufsbildung bei der Industrie- und Handelskammer Fulda begru\u00cc\u02c6\u00dfte die Kooperation. \u201eVor dem Hintergrund des demografischen Wandels und des Fachkr\u00e4ftemangels mu\u00cc\u02c6ssen die Unternehmen neue Wege gehen. Es ist sinnvoll, die Jugendlichen dort abzuholen, wo sie ihre Freizeit verbringen\u201c, betonte Gerbeth.<\/p>\n<p>Das Projekt wird durch den Gewinnsparverein der Sparda-Bank Hessen gef\u00f6rdert. In einer Auftaktveranstaltung am 9. Juni um 18:30 Uhr im ITZ Fulda am Alten Schlachthof warnt der Web-Experte Florian Dietz unter dem Titel \u201eDas Internet vergisst nichts \u2013 Social Media und ihre Gefahren\u201c die u\u00cc\u02c6ber 80 jungen Fu\u00dfballer vor Stolperfallen im Internet. Denn die Erfahrung zeigt: Jugendliche gehen h\u00e4ufig viel zu blau\u00e4ugig mit diesem Thema um.<\/p>\n","protected":false},"excerpt":{"rendered":"<div class=\"tmnf_excerpt\"><p>Jugendliche der Region Fulda und Osthessen bei ihrer beruflichen Orientierung und Ausbildung zu unterstu\u00cc\u02c6tzen ist das Ziel einer Kooperation von JFV Viktoria Fulda 2012 e.V., der Sparda Bank Hessen eG und der Industrie- und Handelskammer (IHK) Fulda. Auf einer Pressekonferenz auf dem Fu\u00dfballfeld des TSV Lehnerz wurde das Projekt mit dem Titel: \u201eAnsto\u00df Ausbildung: Tor &hellip;<\/p>\n<\/div>","protected":false},"author":1,"featured_media":0,"comment_status":"closed","ping_status":"closed","sticky":false,"template":"","format":"standard","meta":{"footnotes":""},"categories":[1,29,46],"tags":[],"class_list":["post-139426","post","type-post","status-publish","format-standard","hentry","category-startseite","category-politik","category-sport"],"_links":{"self":[{"href":"https:\/\/www.fuldaernachrichten.de\/index.php?rest_route=\/wp\/v2\/posts\/139426","targetHints":{"allow":["GET"]}}],"collection":[{"href":"https:\/\/www.fuldaernachrichten.de\/index.php?rest_route=\/wp\/v2\/posts"}],"about":[{"href":"https:\/\/www.fuldaernachrichten.de\/index.php?rest_route=\/wp\/v2\/types\/post"}],"author":[{"embeddable":true,"href":"https:\/\/www.fuldaernachrichten.de\/index.php?rest_route=\/wp\/v2\/users\/1"}],"replies":[{"embeddable":true,"href":"https:\/\/www.fuldaernachrichten.de\/index.php?rest_route=%2Fwp%2Fv2%2Fcomments&post=139426"}],"version-history":[{"count":1,"href":"https:\/\/www.fuldaernachrichten.de\/index.php?rest_route=\/wp\/v2\/posts\/139426\/revisions"}],"predecessor-version":[{"id":139429,"href":"https:\/\/www.fuldaernachrichten.de\/index.php?rest_route=\/wp\/v2\/posts\/139426\/revisions\/139429"}],"wp:attachment":[{"href":"https:\/\/www.fuldaernachrichten.de\/index.php?rest_route=%2Fwp%2Fv2%2Fmedia&parent=139426"}],"wp:term":[{"taxonomy":"category","embeddable":true,"href":"https:\/\/www.fuldaernachrichten.de\/index.php?rest_route=%2Fwp%2Fv2%2Fcategories&post=139426"},{"taxonomy":"post_tag","embeddable":true,"href":"https:\/\/www.fuldaernachrichten.de\/index.php?rest_route=%2Fwp%2Fv2%2Ftags&post=139426"}],"curies":[{"name":"wp","href":"https:\/\/api.w.org\/{rel}","templated":true}]}}