{"id":139423,"date":"2015-06-08T16:34:27","date_gmt":"2015-06-08T14:34:27","guid":{"rendered":"http:\/\/www.fuldaer-nachrichten.de\/?p=139423"},"modified":"2015-06-08T16:34:27","modified_gmt":"2015-06-08T14:34:27","slug":"intensive-begleitung-von-kindern-und-eltern-leitfaden-des-skf-fuer-adoptiveltern-erschienen","status":"publish","type":"post","link":"https:\/\/www.fuldaernachrichten.de\/?p=139423","title":{"rendered":"\u201eIntensive Begleitung von Kindern und Eltern\u201c \u2013 Leitfaden des SkF f\u00fcr Adoptiveltern erschienen"},"content":{"rendered":"<p>\u201eDie intensive Begleitung der von uns vermittelten Kinder und ihrer Adoptivfamilien ist eine zentrale Aufgabe f\u00fcr uns\u201c, betont Gerlinde Felmeden-Plass vom Adoptionsdienst des Sozialdienstes katholischer Frauen (SkF) im Bistum Fulda. Sie und ihre Kolleginnen Barbara Gr\u00f6ger-Schmitt und Brunhilde Lindner sehen sich im Anschluss an die Vermittlung von Kindern aus den drei Babyklappen, die es in der Di\u00f6zese in Fulda, Hanau und Kassel gibt, in besonderer Verantwortung f\u00fcr die Familien, um ihnen einen guten Weg zu erm\u00f6glichen. \u201eGrundlage ist die gegenseitige Wertsch\u00e4tzung und Akzeptanz \u2013 Eltern geben uns immer wieder die R\u00fcckmeldung, dass sie sich bei uns aufgehoben f\u00fchlen.\u201c Aufgrund reicher Erfahrung und vieler Anregungen aus Familientreffen, Beratungsgespr\u00e4chen und Workshops mit Adoptiveltern hat der SkF nun unter dem Motto \u201eWir geh\u00f6ren zusammen\u201c einen Leitfaden f\u00fcr Adoptiveltern herausgegeben. Darin wird Hilfe und Rat angeboten, wie ein Kind von seinen Eltern einf\u00fchlsam \u00fcber seine Adoption aufgekl\u00e4rt werden kann. \u201eInsbesondere raten wir den Adoptiveltern, behutsam immer nur das zu beantworten, was das Kind von ihnen erfragt, so dass es mit dem Wissen um seine Adoption aufw\u00e4chst.\u201c Der Leitfanden findet sich im Internet unter www.sozialdienst-katholischer-frauen.de.<\/p>\n<p>Gerlinde Felmeden-Plass gibt gemeinsam mit Ursula Schmitt, die im Vorstand des SkF Fulda f\u00fcr den Bereich Adoptionen zust\u00e4ndig ist, und Di\u00f6zesanreferentin Sarah Schlimme zu bedenken, dass durch eine oft unsachliche \u00f6ffentliche Kritik an der Institution \u201eBabyklappe\u201c eine Stigmatisierung der betroffenen Kinder stattfinde. \u201eUns ist es wichtig zu vermitteln, dass Kinder, die ihre Herkunft nicht kennen, keinesfalls ausgegrenzt werden d\u00fcrfen\u201c, unterstreichen sie. Dies gelte insbesondere in einer modernen, pluralistischen Gesellschaft, die sonst ja auch eine Vielfalt von Lebensentw\u00fcrfen kenne. Ursula Schmitt hebt hervor, dass Babyklappe und vertrauliche Geburt keine Gegens\u00e4tze, sondern zwei verschiedene Angebote an Frauen in schwieriger Lage seien. \u201eEin Teil der M\u00fctter in Not wird aufgrund ihres famili\u00e4ren Umfeldes niemals den Weg der vertraulichen Geburt w\u00e4hlen, sondern die Babyklappe.\u201c<\/p>\n<p>Die Babyklappen am Herz-Jesu-Krankenhaus in Fulda, am Hanauer St.-Vinzenz-Krankenhaus und am Marienkrankenhaus in Kassel wurden seit ihrer Er\u00f6ffnung vor \u00fcber zehn Jahren bereits h\u00e4ufiger genutzt. Der SkF ist im Einvernehmen mit den zust\u00e4ndigen Jugend\u00e4mtern Tr\u00e4ger dieser Babyklappen. Wenn ein Neugeborenes in einer Babyklappe abgegeben wird, wird es in seinem eigenen Interesse direkt in die in Aussicht genommene Adoptivfamilie gegeben. \u201eDas Kindeswohl steht hier f\u00fcr unsere Beraterinnen an erster Stelle\u201c, so Sarah Schlimme. Ursula Schmitt macht deutlich, dass M\u00fctter bzw. Eltern, die in ihrer Notlage den Weg der Babyklappe w\u00e4hlen, sich ihre Entscheidung nicht leicht machen und verantwortungsbewusst handeln: \u201eEs verdient Respekt, dass sie damit ihrem Kind eine \u00dcberlebenschance mit guter medizinischer Versorgung geben.\u201c Auch wenn das Kind seine Herkunft nicht erfahren k\u00f6nne, habe es dennoch das gr\u00f6\u00dfte Geschenk von der leiblichen Mutter erhalten, das es gibt \u2013 das Leben.<\/p>\n<p>Die seit Juni 2013 bestehenden \u201eMindeststandards von Babyklappen\u201c des Deutschen Vereins f\u00fcr \u00f6ffentliche und private F\u00fcrsorge habe der SkF Fulda von Anfang an erf\u00fcllt, wie Sarah Schlimme unterstreicht. Diese umschreiben die technische Ausstattung, die medizinische Versorgung, die flankierenden Beratungsangebote (z. B. anonymes Beratungstelefon), eine angemessene Information der \u00d6ffentlichkeit \u00fcber die Abgabe eines Kinders (mit der M\u00f6glichkeit, dass die abgebenden Eltern in einem bestimmten Zeitraum ein R\u00fcckgabeersuchen stellen), die Zusammenarbeit mit den Beh\u00f6rden und die Falldokumentation. \u201eEs muss Nachvollziehbarkeit dar\u00fcber herrschen, wo die Kinder hinkommen.\u201c<\/p>\n<p>Abgebende Eltern haben bisher nur selten auf ein Hinweisblatt reagiert, das mit Telefonnummern versehen in der Babyklappe liegt, Beratung anbietet und auf die M\u00f6glichkeit hinweist, den Entschluss zur Abgabe des Kindes noch einmal zu \u00fcberdenken. Der SkF ist bundesweit siebenmal Tr\u00e4ger von neun Babyklappen (davon drei im Bistum Fulda) und zus\u00e4tzlich zehnmal Kooperationspartner durch Beratungs- oder Adoptionsstellen.<\/p>\n<p>Hilfsangebote<\/p>\n<p>Nach der Abgabe eines Kindes in einer Babyklappe k\u00f6nnen die Eltern jederzeit Kontakt zum Adoptionsdienst des Sozialdienst katholischer Frauen in Fulda aufnehmen, Tel. 0661\/8394-21 und -29.<\/p>\n<p>Der SkF bietet auch anonyme telefonische Beratung f\u00fcr Frauen, die wegen ihrer Schwangerschaft verzweifelt sind. Die Nummer \u2013 zum Ortstarif \u2013 lautet 0180\/3320640. Dieses Telefon ist t\u00e4glich zwischen 9 und 23 Uhr geschaltet.<\/p>\n<p>Beratungsstellen f\u00fcr Schwangere und allein Erziehende finden sich in:<\/p>\n<p>Bad Soden Salm\u00fcnster:\u00c2\u00a0\u00c2\u00a0 \u00c2\u00a006056\/5402,<br \/>\nFulda:\u00c2\u00a0\u00c2\u00a0 \u00c2\u00a0\u00c2\u00a0\u00c2\u00a0 \u00c2\u00a0\u00c2\u00a0\u00c2\u00a0 \u00c2\u00a0\u00c2\u00a0\u00c2\u00a0 \u00c2\u00a00661\/839434,<br \/>\nHanau:\u00c2\u00a0\u00c2\u00a0 \u00c2\u00a0\u00c2\u00a0\u00c2\u00a0 \u00c2\u00a0\u00c2\u00a0\u00c2\u00a0 \u00c2\u00a0\u00c2\u00a0\u00c2\u00a0 \u00c2\u00a006181\/364500,<br \/>\nKassel:\u00c2\u00a0\u00c2\u00a0 \u00c2\u00a0\u00c2\u00a0\u00c2\u00a0 \u00c2\u00a0\u00c2\u00a0\u00c2\u00a0 \u00c2\u00a0\u00c2\u00a0\u00c2\u00a0 \u00c2\u00a00561\/7004236,<br \/>\nMarburg:\u00c2\u00a0\u00c2\u00a0 \u00c2\u00a0\u00c2\u00a0\u00c2\u00a0 \u00c2\u00a0\u00c2\u00a0\u00c2\u00a0 \u00c2\u00a006421\/14480.<\/p>\n","protected":false},"excerpt":{"rendered":"<div class=\"tmnf_excerpt\"><p>\u201eDie intensive Begleitung der von uns vermittelten Kinder und ihrer Adoptivfamilien ist eine zentrale Aufgabe f\u00fcr uns\u201c, betont Gerlinde Felmeden-Plass vom Adoptionsdienst des Sozialdienstes katholischer Frauen (SkF) im Bistum Fulda. Sie und ihre Kolleginnen Barbara Gr\u00f6ger-Schmitt und Brunhilde Lindner sehen sich im Anschluss an die Vermittlung von Kindern aus den drei Babyklappen, die es in &hellip;<\/p>\n<\/div>","protected":false},"author":1,"featured_media":0,"comment_status":"closed","ping_status":"closed","sticky":false,"template":"","format":"standard","meta":{"footnotes":""},"categories":[1,72,50],"tags":[],"class_list":["post-139423","post","type-post","status-publish","format-standard","hentry","category-startseite","category-jugend","category-kirche"],"_links":{"self":[{"href":"https:\/\/www.fuldaernachrichten.de\/index.php?rest_route=\/wp\/v2\/posts\/139423","targetHints":{"allow":["GET"]}}],"collection":[{"href":"https:\/\/www.fuldaernachrichten.de\/index.php?rest_route=\/wp\/v2\/posts"}],"about":[{"href":"https:\/\/www.fuldaernachrichten.de\/index.php?rest_route=\/wp\/v2\/types\/post"}],"author":[{"embeddable":true,"href":"https:\/\/www.fuldaernachrichten.de\/index.php?rest_route=\/wp\/v2\/users\/1"}],"replies":[{"embeddable":true,"href":"https:\/\/www.fuldaernachrichten.de\/index.php?rest_route=%2Fwp%2Fv2%2Fcomments&post=139423"}],"version-history":[{"count":1,"href":"https:\/\/www.fuldaernachrichten.de\/index.php?rest_route=\/wp\/v2\/posts\/139423\/revisions"}],"predecessor-version":[{"id":139424,"href":"https:\/\/www.fuldaernachrichten.de\/index.php?rest_route=\/wp\/v2\/posts\/139423\/revisions\/139424"}],"wp:attachment":[{"href":"https:\/\/www.fuldaernachrichten.de\/index.php?rest_route=%2Fwp%2Fv2%2Fmedia&parent=139423"}],"wp:term":[{"taxonomy":"category","embeddable":true,"href":"https:\/\/www.fuldaernachrichten.de\/index.php?rest_route=%2Fwp%2Fv2%2Fcategories&post=139423"},{"taxonomy":"post_tag","embeddable":true,"href":"https:\/\/www.fuldaernachrichten.de\/index.php?rest_route=%2Fwp%2Fv2%2Ftags&post=139423"}],"curies":[{"name":"wp","href":"https:\/\/api.w.org\/{rel}","templated":true}]}}