{"id":139409,"date":"2015-06-08T13:36:39","date_gmt":"2015-06-08T11:36:39","guid":{"rendered":"http:\/\/www.fuldaer-nachrichten.de\/?p=139409"},"modified":"2015-06-08T13:36:39","modified_gmt":"2015-06-08T11:36:39","slug":"die-homoeopathische-haus-und-reiseapotheke","status":"publish","type":"post","link":"https:\/\/www.fuldaernachrichten.de\/?p=139409","title":{"rendered":"Die hom\u00f6opathische Haus- und Reiseapotheke"},"content":{"rendered":"<p>Im M\u00fctterzentrum \u201eDie M\u00dcTZE\u201c, Gallasiniring 8, in Fulda findet am Donnerstag, 24.06.15 in der Zeit von 20.00 \u2013 21.30 Uhr ein Vortrag zum Thema: \u201eDie hom\u00f6opathische Haus- und Reiseapotheke\u201c f\u00fcr Erwachsene statt.<br \/>\nNach einer kurzen Einf\u00fchrung in die Grundprinzipien der Hom\u00f6opathie werden Anwendung, Dosierung und Grenzen der wichtigsten hom\u00f6opathischen Arzneien zur Selbstbehandlung besprochen.<\/p>\n<p>N\u00e4here Informationen und Anmeldung unter Tel. 0661\/8050, Mo. \u2013 Fr. in der Zeit von 9.00 \u2013 12.30 Uhr, Anmeldeschluss ist der 17.06.15 -eine Woche vor Beginn des Kurses.<\/p>\n","protected":false},"excerpt":{"rendered":"<div class=\"tmnf_excerpt\"><p>Im M\u00fctterzentrum \u201eDie M\u00dcTZE\u201c, Gallasiniring 8, in Fulda findet am Donnerstag, 24.06.15 in der Zeit von 20.00 \u2013 21.30 Uhr ein Vortrag zum Thema: \u201eDie hom\u00f6opathische Haus- und Reiseapotheke\u201c f\u00fcr Erwachsene statt. Nach einer kurzen Einf\u00fchrung in die Grundprinzipien der Hom\u00f6opathie werden Anwendung, Dosierung und Grenzen der wichtigsten hom\u00f6opathischen Arzneien zur Selbstbehandlung besprochen. N\u00e4here Informationen &hellip;<\/p>\n<\/div>","protected":false},"author":1,"featured_media":0,"comment_status":"closed","ping_status":"closed","sticky":false,"template":"","format":"standard","meta":{"footnotes":""},"categories":[1],"tags":[],"class_list":["post-139409","post","type-post","status-publish","format-standard","hentry","category-startseite"],"_links":{"self":[{"href":"https:\/\/www.fuldaernachrichten.de\/index.php?rest_route=\/wp\/v2\/posts\/139409","targetHints":{"allow":["GET"]}}],"collection":[{"href":"https:\/\/www.fuldaernachrichten.de\/index.php?rest_route=\/wp\/v2\/posts"}],"about":[{"href":"https:\/\/www.fuldaernachrichten.de\/index.php?rest_route=\/wp\/v2\/types\/post"}],"author":[{"embeddable":true,"href":"https:\/\/www.fuldaernachrichten.de\/index.php?rest_route=\/wp\/v2\/users\/1"}],"replies":[{"embeddable":true,"href":"https:\/\/www.fuldaernachrichten.de\/index.php?rest_route=%2Fwp%2Fv2%2Fcomments&post=139409"}],"version-history":[{"count":1,"href":"https:\/\/www.fuldaernachrichten.de\/index.php?rest_route=\/wp\/v2\/posts\/139409\/revisions"}],"predecessor-version":[{"id":139414,"href":"https:\/\/www.fuldaernachrichten.de\/index.php?rest_route=\/wp\/v2\/posts\/139409\/revisions\/139414"}],"wp:attachment":[{"href":"https:\/\/www.fuldaernachrichten.de\/index.php?rest_route=%2Fwp%2Fv2%2Fmedia&parent=139409"}],"wp:term":[{"taxonomy":"category","embeddable":true,"href":"https:\/\/www.fuldaernachrichten.de\/index.php?rest_route=%2Fwp%2Fv2%2Fcategories&post=139409"},{"taxonomy":"post_tag","embeddable":true,"href":"https:\/\/www.fuldaernachrichten.de\/index.php?rest_route=%2Fwp%2Fv2%2Ftags&post=139409"}],"curies":[{"name":"wp","href":"https:\/\/api.w.org\/{rel}","templated":true}]}}