{"id":139367,"date":"2015-06-08T13:28:41","date_gmt":"2015-06-08T11:28:41","guid":{"rendered":"http:\/\/www.fuldaer-nachrichten.de\/?p=139367"},"modified":"2015-06-08T13:28:41","modified_gmt":"2015-06-08T11:28:41","slug":"psychische-erkrankungen","status":"publish","type":"post","link":"https:\/\/www.fuldaernachrichten.de\/?p=139367","title":{"rendered":"Psychische Erkrankungen"},"content":{"rendered":"<p>Im Rahmen des Fortbildungsangebotes f\u00fcr ehrenamtlich T\u00e4tige l\u00e4dt der Sozialdienst katholischer Frauen (SkF) Fulda am Freitag, 12. Juni, von 16:00 Uhr bis 18:00 Uhr, in der Friedrichstra\u00dfe 22 zu einem Informationsabend rund um das Thema \u201ePsychische Erkrankungen\u201c ein. Referentin ist Barbara Franke, Fach\u00e4rztin f\u00fcr Psychiatrie und Psychotherapie und \u00e4rztliche Leitung der Akutpsychosomatik in der Vogelsbergklinik.<br \/>\nEhrenamtliche\u00c2\u00a0 sind ja \u2013 je nach Einsatzgebiet \u2013 immer wieder mit psychischen St\u00f6rungsbildern bei ihren Sch\u00fctzlingen bzw. Klienten oder Klientinnen konfrontiert. Ziel des Vortragsabends ist es, die wichtigsten psychischen Erkrankungen kurz vorzustellen und den Ehrenamtlichen wertvolle Hilfestellungen f\u00fcr den Umgang mit Betroffenen an die Hand zu geben. Selbstverst\u00e4ndlich sind nicht nur die Ehrenamtlichen des SkF, sondern alle Interessierten eingeladen. (Anmeldung und Info bei Sr. Debora Schneider, SkF &#8211; Fachstelle Ehrenamt: 0661-839455)<\/p>\n","protected":false},"excerpt":{"rendered":"<div class=\"tmnf_excerpt\"><p>Im Rahmen des Fortbildungsangebotes f\u00fcr ehrenamtlich T\u00e4tige l\u00e4dt der Sozialdienst katholischer Frauen (SkF) Fulda am Freitag, 12. Juni, von 16:00 Uhr bis 18:00 Uhr, in der Friedrichstra\u00dfe 22 zu einem Informationsabend rund um das Thema \u201ePsychische Erkrankungen\u201c ein. Referentin ist Barbara Franke, Fach\u00e4rztin f\u00fcr Psychiatrie und Psychotherapie und \u00e4rztliche Leitung der Akutpsychosomatik in der Vogelsbergklinik. &hellip;<\/p>\n<\/div>","protected":false},"author":1,"featured_media":0,"comment_status":"closed","ping_status":"closed","sticky":false,"template":"","format":"standard","meta":{"footnotes":""},"categories":[1,51],"tags":[],"class_list":["post-139367","post","type-post","status-publish","format-standard","hentry","category-startseite","category-medizin"],"_links":{"self":[{"href":"https:\/\/www.fuldaernachrichten.de\/index.php?rest_route=\/wp\/v2\/posts\/139367","targetHints":{"allow":["GET"]}}],"collection":[{"href":"https:\/\/www.fuldaernachrichten.de\/index.php?rest_route=\/wp\/v2\/posts"}],"about":[{"href":"https:\/\/www.fuldaernachrichten.de\/index.php?rest_route=\/wp\/v2\/types\/post"}],"author":[{"embeddable":true,"href":"https:\/\/www.fuldaernachrichten.de\/index.php?rest_route=\/wp\/v2\/users\/1"}],"replies":[{"embeddable":true,"href":"https:\/\/www.fuldaernachrichten.de\/index.php?rest_route=%2Fwp%2Fv2%2Fcomments&post=139367"}],"version-history":[{"count":1,"href":"https:\/\/www.fuldaernachrichten.de\/index.php?rest_route=\/wp\/v2\/posts\/139367\/revisions"}],"predecessor-version":[{"id":139371,"href":"https:\/\/www.fuldaernachrichten.de\/index.php?rest_route=\/wp\/v2\/posts\/139367\/revisions\/139371"}],"wp:attachment":[{"href":"https:\/\/www.fuldaernachrichten.de\/index.php?rest_route=%2Fwp%2Fv2%2Fmedia&parent=139367"}],"wp:term":[{"taxonomy":"category","embeddable":true,"href":"https:\/\/www.fuldaernachrichten.de\/index.php?rest_route=%2Fwp%2Fv2%2Fcategories&post=139367"},{"taxonomy":"post_tag","embeddable":true,"href":"https:\/\/www.fuldaernachrichten.de\/index.php?rest_route=%2Fwp%2Fv2%2Ftags&post=139367"}],"curies":[{"name":"wp","href":"https:\/\/api.w.org\/{rel}","templated":true}]}}