{"id":139354,"date":"2015-06-07T21:56:56","date_gmt":"2015-06-07T19:56:56","guid":{"rendered":"http:\/\/www.fuldaer-nachrichten.de\/?p=139354"},"modified":"2015-06-07T21:56:56","modified_gmt":"2015-06-07T19:56:56","slug":"eingangsfoyer-des-landratsamtes-wird-umgestaltet","status":"publish","type":"post","link":"https:\/\/www.fuldaernachrichten.de\/?p=139354","title":{"rendered":"Eingangsfoyer des Landratsamtes wird umgestaltet"},"content":{"rendered":"<p><strong>Die Neugestaltung des Eingangsfoyers am Haupteingang des Landratsamtes in Fulda geht planm\u00e4\u00dfig voran. Dort soll ein zentraler B\u00fcrgerservice entstehen und die Telefonie der Kreisverwaltung angesiedelt werden. Auch ist der Erneuerung des Aufzugs vorgesehen. F\u00fcr 56.700 Euro hat der Kreisausschuss den Auftrag vergeben. Auf 40.900 Euro belaufen sich die Kosten f\u00fcr die Trockenbau- und Malerarbeiten.<\/strong><\/p>\n<p>Ein weiteres Thema in der Ausschusssitzung war die Vergabe der grundhaften Erneuerung der Kreisstra\u00dfe 90 zwischen der Kreisstra\u00dfe 82 und der Autobahnabfahrt Flieden sowie zwischen R\u00fcckers und Schweben f\u00fcr insgesamt 1,15 Millionen Euro. Auch besch\u00e4ftigte sich der Kreisausschuss mit verschiedenen Bauvorhaben in Schulen und an Vereinsh\u00e4usern. So wurden bei der grundlegenden Innensanierung der Schlossschule in Neuhof f\u00fcr 45.000 Euro die Elektroarbeiten in einem Teil des Hauptgeb\u00e4udes vergeben. Auch sollen im zweiten Obergeschoss der Biebertalschule in Hofbieber vier Klassenr\u00e4ume saniert werden. F\u00fcr 26.000 Euro hat der Kreisausschuss den Auftrag f\u00fcr die Schreinerarbeiten erteilt. Der VfL Eiterfeld erh\u00e4lt f\u00fcr die Sanierung und Erweiterung seines Vereinshauses eine Kreisbeihilfe von 19.300 Euro. An der Erweiterung des Funktionsgeb\u00e4udes des SV Hauswurz beteiligt sich der Landkreis Fulda mit einem Zuschuss von 9.350 Euro.<\/p>\n<p>&nbsp;<\/p>\n","protected":false},"excerpt":{"rendered":"<div class=\"tmnf_excerpt\"><p>Die Neugestaltung des Eingangsfoyers am Haupteingang des Landratsamtes in Fulda geht planm\u00e4\u00dfig voran. Dort soll ein zentraler B\u00fcrgerservice entstehen und die Telefonie der Kreisverwaltung angesiedelt werden. Auch ist der Erneuerung des Aufzugs vorgesehen. F\u00fcr 56.700 Euro hat der Kreisausschuss den Auftrag vergeben. Auf 40.900 Euro belaufen sich die Kosten f\u00fcr die Trockenbau- und Malerarbeiten. Ein &hellip;<\/p>\n<\/div>","protected":false},"author":1,"featured_media":0,"comment_status":"closed","ping_status":"closed","sticky":false,"template":"","format":"standard","meta":{"footnotes":""},"categories":[1,29],"tags":[],"class_list":["post-139354","post","type-post","status-publish","format-standard","hentry","category-startseite","category-politik"],"_links":{"self":[{"href":"https:\/\/www.fuldaernachrichten.de\/index.php?rest_route=\/wp\/v2\/posts\/139354","targetHints":{"allow":["GET"]}}],"collection":[{"href":"https:\/\/www.fuldaernachrichten.de\/index.php?rest_route=\/wp\/v2\/posts"}],"about":[{"href":"https:\/\/www.fuldaernachrichten.de\/index.php?rest_route=\/wp\/v2\/types\/post"}],"author":[{"embeddable":true,"href":"https:\/\/www.fuldaernachrichten.de\/index.php?rest_route=\/wp\/v2\/users\/1"}],"replies":[{"embeddable":true,"href":"https:\/\/www.fuldaernachrichten.de\/index.php?rest_route=%2Fwp%2Fv2%2Fcomments&post=139354"}],"version-history":[{"count":1,"href":"https:\/\/www.fuldaernachrichten.de\/index.php?rest_route=\/wp\/v2\/posts\/139354\/revisions"}],"predecessor-version":[{"id":139355,"href":"https:\/\/www.fuldaernachrichten.de\/index.php?rest_route=\/wp\/v2\/posts\/139354\/revisions\/139355"}],"wp:attachment":[{"href":"https:\/\/www.fuldaernachrichten.de\/index.php?rest_route=%2Fwp%2Fv2%2Fmedia&parent=139354"}],"wp:term":[{"taxonomy":"category","embeddable":true,"href":"https:\/\/www.fuldaernachrichten.de\/index.php?rest_route=%2Fwp%2Fv2%2Fcategories&post=139354"},{"taxonomy":"post_tag","embeddable":true,"href":"https:\/\/www.fuldaernachrichten.de\/index.php?rest_route=%2Fwp%2Fv2%2Ftags&post=139354"}],"curies":[{"name":"wp","href":"https:\/\/api.w.org\/{rel}","templated":true}]}}