{"id":139339,"date":"2015-06-07T21:52:23","date_gmt":"2015-06-07T19:52:23","guid":{"rendered":"http:\/\/www.fuldaer-nachrichten.de\/?p=139339"},"modified":"2015-06-07T21:52:23","modified_gmt":"2015-06-07T19:52:23","slug":"moocbar-zum-online-kurs-mein-digitales-ich","status":"publish","type":"post","link":"https:\/\/www.fuldaernachrichten.de\/?p=139339","title":{"rendered":"MOOCbar zum Online-Kurs &#8220;Mein digitales Ich&#8221;"},"content":{"rendered":"<p><strong>Beim Online-Kurs des Volkshochschulen &#8220;Mein digitales Ich&#8221; dreht sich alles um die Frage, wie man seine Identit\u00e4t im Netz gezielt gestalten und f\u00fcr die eigenen Ziele nutzen kann.<\/strong><\/p>\n<p>Der \u00fcberwiegende Teil des Kurses findet im Netz statt, mit Video-Lektionen und in Foren, in denen gemeinsam online gearbeitet wird. In begleitenden Workshops, so genannten MOOCbars, verbinden sich Online und Offline. Das erste Treffen zum Thema \u201eMein digitales Ich \u2013 Influencer im Netz\u201c in der MOOCbar im Georg-Stieler-Haus, Gallasiniring 1, in Fulda beginnt am Dienstag, 9. Juni, um 19 Uhr und ist kostenfrei. Infos und vorherige Anmeldung unter <a href=\"http:\/\/www.vhs-fulda.de\">www.vhs-fulda.de<\/a> oder bei der Gesch\u00e4ftsstelle der Volkshochschule des Landkreises Fulda, Telefon (0661)25199-0.<\/p>\n","protected":false},"excerpt":{"rendered":"<div class=\"tmnf_excerpt\"><p>Beim Online-Kurs des Volkshochschulen &#8220;Mein digitales Ich&#8221; dreht sich alles um die Frage, wie man seine Identit\u00e4t im Netz gezielt gestalten und f\u00fcr die eigenen Ziele nutzen kann. Der \u00fcberwiegende Teil des Kurses findet im Netz statt, mit Video-Lektionen und in Foren, in denen gemeinsam online gearbeitet wird. In begleitenden Workshops, so genannten MOOCbars, verbinden &hellip;<\/p>\n<\/div>","protected":false},"author":1,"featured_media":0,"comment_status":"closed","ping_status":"closed","sticky":false,"template":"","format":"standard","meta":{"footnotes":""},"categories":[1],"tags":[],"class_list":["post-139339","post","type-post","status-publish","format-standard","hentry","category-startseite"],"_links":{"self":[{"href":"https:\/\/www.fuldaernachrichten.de\/index.php?rest_route=\/wp\/v2\/posts\/139339","targetHints":{"allow":["GET"]}}],"collection":[{"href":"https:\/\/www.fuldaernachrichten.de\/index.php?rest_route=\/wp\/v2\/posts"}],"about":[{"href":"https:\/\/www.fuldaernachrichten.de\/index.php?rest_route=\/wp\/v2\/types\/post"}],"author":[{"embeddable":true,"href":"https:\/\/www.fuldaernachrichten.de\/index.php?rest_route=\/wp\/v2\/users\/1"}],"replies":[{"embeddable":true,"href":"https:\/\/www.fuldaernachrichten.de\/index.php?rest_route=%2Fwp%2Fv2%2Fcomments&post=139339"}],"version-history":[{"count":1,"href":"https:\/\/www.fuldaernachrichten.de\/index.php?rest_route=\/wp\/v2\/posts\/139339\/revisions"}],"predecessor-version":[{"id":139340,"href":"https:\/\/www.fuldaernachrichten.de\/index.php?rest_route=\/wp\/v2\/posts\/139339\/revisions\/139340"}],"wp:attachment":[{"href":"https:\/\/www.fuldaernachrichten.de\/index.php?rest_route=%2Fwp%2Fv2%2Fmedia&parent=139339"}],"wp:term":[{"taxonomy":"category","embeddable":true,"href":"https:\/\/www.fuldaernachrichten.de\/index.php?rest_route=%2Fwp%2Fv2%2Fcategories&post=139339"},{"taxonomy":"post_tag","embeddable":true,"href":"https:\/\/www.fuldaernachrichten.de\/index.php?rest_route=%2Fwp%2Fv2%2Ftags&post=139339"}],"curies":[{"name":"wp","href":"https:\/\/api.w.org\/{rel}","templated":true}]}}