{"id":139299,"date":"2015-06-03T13:14:10","date_gmt":"2015-06-03T11:14:10","guid":{"rendered":"http:\/\/www.fuldaer-nachrichten.de\/?p=139299"},"modified":"2015-06-03T13:14:10","modified_gmt":"2015-06-03T11:14:10","slug":"landrat-goerig-dankt-fuer-hohen-sachverstand-und-flexibilitaet","status":"publish","type":"post","link":"https:\/\/www.fuldaernachrichten.de\/?p=139299","title":{"rendered":"Landrat G\u00f6rig dankt f\u00fcr hohen Sachverstand und Flexibilit\u00e4t"},"content":{"rendered":"<p>Angelika Caspar und Andreas Gerega \u2013 beide im Amt f\u00fcr Veterin\u00e4rwesen und Verbraucherschutz des Vogelsbergkreises besch\u00e4ftigt \u2013 sind seit 25 Jahren im \u00f6ffentlichen Dienst. Aus diesem Anlass gratulierten Landrat Manfred G\u00f6rig und Amtsleiterin Dr. Maria Litmeyer herzlich, und dankten f\u00fcr hohen Sachverstand, Zuverl\u00e4ssigkeit und Flexibilit\u00e4t. B\u00fcroleiter Bernd Sterz, Personalchefin Christa Wiese, Personalratsvorsitzender Peter Sukdolak und Frauenbeauftragte Conny Hentz schlossen sich dem Dank und den Gl\u00fcckw\u00fcnschen an.<\/p>\n<p>Angelika Caspar, die in Wallenrod wohnt, arbeitete erstmals 1984 aushilfsweise beim Staatlichen Schulamt, ab 1989 regelm\u00e4\u00dfig. Seit 1990 ist sie im Veterin\u00e4ramt eingesetzt, und zwar als \u201eder verl\u00e4ngerte Arm der IT-Abteilung\u201c, wie mehrfach lobend herausgestellt wurde. Die \u00dcberwachung der HIT-Datenbank f\u00fcr die landwirtschaftlichen Nutztiere und der damit verbundene Kundenkontakt z\u00e4hlen zu ihren Hauptaufgaben.<\/p>\n<p>Der aus Posen stammende Tierarzt Andreas Gerega wohnt in Herbstein und war zun\u00e4chst einige Jahre in einer Praxis bei Breslau t\u00e4tig. 1984 kam er nach Deutschland und arbeitete zun\u00e4chst in einer Kleintierklinik in Hamburg, dann in einer Praxis in Hofgeismar. 1990 \u00fcbernahm er die Praxis Dr. Winter in Herbstein. Seit dieser Zeit ist er nebenberuflicher amtlicher Tierarzt in der Schlachttier- und Fleischbeschau des Vogelsbergkreises. Der Tierarzt sagte w\u00e4hrend des Jubil\u00e4umstermins w\u00f6rtlich: \u201eSo ein Beruf geht nur mit Passion.\u201c<\/p>\n","protected":false},"excerpt":{"rendered":"<div class=\"tmnf_excerpt\"><p>Angelika Caspar und Andreas Gerega \u2013 beide im Amt f\u00fcr Veterin\u00e4rwesen und Verbraucherschutz des Vogelsbergkreises besch\u00e4ftigt \u2013 sind seit 25 Jahren im \u00f6ffentlichen Dienst. Aus diesem Anlass gratulierten Landrat Manfred G\u00f6rig und Amtsleiterin Dr. Maria Litmeyer herzlich, und dankten f\u00fcr hohen Sachverstand, Zuverl\u00e4ssigkeit und Flexibilit\u00e4t. B\u00fcroleiter Bernd Sterz, Personalchefin Christa Wiese, Personalratsvorsitzender Peter Sukdolak und &hellip;<\/p>\n<\/div>","protected":false},"author":1,"featured_media":139300,"comment_status":"closed","ping_status":"closed","sticky":false,"template":"","format":"standard","meta":{"footnotes":""},"categories":[1],"tags":[],"class_list":["post-139299","post","type-post","status-publish","format-standard","has-post-thumbnail","hentry","category-startseite"],"_links":{"self":[{"href":"https:\/\/www.fuldaernachrichten.de\/index.php?rest_route=\/wp\/v2\/posts\/139299","targetHints":{"allow":["GET"]}}],"collection":[{"href":"https:\/\/www.fuldaernachrichten.de\/index.php?rest_route=\/wp\/v2\/posts"}],"about":[{"href":"https:\/\/www.fuldaernachrichten.de\/index.php?rest_route=\/wp\/v2\/types\/post"}],"author":[{"embeddable":true,"href":"https:\/\/www.fuldaernachrichten.de\/index.php?rest_route=\/wp\/v2\/users\/1"}],"replies":[{"embeddable":true,"href":"https:\/\/www.fuldaernachrichten.de\/index.php?rest_route=%2Fwp%2Fv2%2Fcomments&post=139299"}],"version-history":[{"count":1,"href":"https:\/\/www.fuldaernachrichten.de\/index.php?rest_route=\/wp\/v2\/posts\/139299\/revisions"}],"predecessor-version":[{"id":139301,"href":"https:\/\/www.fuldaernachrichten.de\/index.php?rest_route=\/wp\/v2\/posts\/139299\/revisions\/139301"}],"wp:featuredmedia":[{"embeddable":true,"href":"https:\/\/www.fuldaernachrichten.de\/index.php?rest_route=\/wp\/v2\/media\/139300"}],"wp:attachment":[{"href":"https:\/\/www.fuldaernachrichten.de\/index.php?rest_route=%2Fwp%2Fv2%2Fmedia&parent=139299"}],"wp:term":[{"taxonomy":"category","embeddable":true,"href":"https:\/\/www.fuldaernachrichten.de\/index.php?rest_route=%2Fwp%2Fv2%2Fcategories&post=139299"},{"taxonomy":"post_tag","embeddable":true,"href":"https:\/\/www.fuldaernachrichten.de\/index.php?rest_route=%2Fwp%2Fv2%2Ftags&post=139299"}],"curies":[{"name":"wp","href":"https:\/\/api.w.org\/{rel}","templated":true}]}}