{"id":139263,"date":"2015-06-03T10:43:36","date_gmt":"2015-06-03T08:43:36","guid":{"rendered":"http:\/\/www.fuldaer-nachrichten.de\/?p=139263"},"modified":"2015-06-03T10:43:36","modified_gmt":"2015-06-03T08:43:36","slug":"hunderte-begeisterte-besucher-beim-sommerfest-der-fuldaer-sektion","status":"publish","type":"post","link":"https:\/\/www.fuldaernachrichten.de\/?p=139263","title":{"rendered":"Hunderte begeisterte Besucher beim Sommerfest der Fuldaer Sektion"},"content":{"rendered":"<p><a href=\"http:\/\/www.fuldaer-nachrichten.de\/wp-content\/uploads\/2015\/06\/13959.jpg\"><img decoding=\"async\" class=\"alignleft size-thumbnail wp-image-139265\" src=\"http:\/\/www.fuldaer-nachrichten.de\/wp-content\/uploads\/2015\/06\/13959-265x177.jpg\" alt=\"13959\" width=\"265\" height=\"177\" srcset=\"https:\/\/www.fuldaernachrichten.de\/wp-content\/uploads\/2015\/06\/13959-265x177.jpg 265w, https:\/\/www.fuldaernachrichten.de\/wp-content\/uploads\/2015\/06\/13959-600x401.jpg 600w, https:\/\/www.fuldaernachrichten.de\/wp-content\/uploads\/2015\/06\/13959.jpg 900w\" sizes=\"(max-width: 265px) 100vw, 265px\" \/><\/a>Die Sektion Fulda des Deutschen Alpenvereins (DAV) hat am Sonntag, 31. Mai, ihr Sommerfest mit einem Tag der offenen T\u00fcr im sektionseigenen Kletterzentrum in Petersberg gefeiert. Rund 600 Besucher lernten bei einem abwechselungsreichen\u00c2\u00a0 Programm nicht nur das Kletterzentrum, sondern auch die verschiedenen Angebote des DAV kennen. Gleichzeitig wurde die neue Au\u00dfenboulderwand er\u00f6ffnet, die im Fr\u00fchjahr montiert wurde.<br \/>\nDer Tag der offenen T\u00fcr startete am Vormittag mit einer Vereinsrallye, bei der die Besucher an verschiedenen Mitmach-Stationen den Alpenverein und seine Angebote kennen lernen und gleichzeitig selbst ausprobieren konnten. Die dazugeh\u00f6rige Laufkarte war auch der Teilnahmeschein f\u00fcr eine Verlosung am Nachmittag, bei der attraktive Preise rund um den Outdoorsport winkten.<\/p>\n<p><a href=\"http:\/\/www.fuldaer-nachrichten.de\/wp-content\/uploads\/2015\/06\/13884.jpg\"><img decoding=\"async\" class=\"alignleft size-thumbnail wp-image-139268\" src=\"http:\/\/www.fuldaer-nachrichten.de\/wp-content\/uploads\/2015\/06\/13884-265x177.jpg\" alt=\"13884\" width=\"265\" height=\"177\" srcset=\"https:\/\/www.fuldaernachrichten.de\/wp-content\/uploads\/2015\/06\/13884-265x177.jpg 265w, https:\/\/www.fuldaernachrichten.de\/wp-content\/uploads\/2015\/06\/13884-600x401.jpg 600w, https:\/\/www.fuldaernachrichten.de\/wp-content\/uploads\/2015\/06\/13884.jpg 900w\" sizes=\"(max-width: 265px) 100vw, 265px\" \/><\/a>Als besonderer Programmpunkt erwartete die Besucher um 14 Uhr die offizielle Er\u00f6ffnung der neuen Au\u00dfenboulderwand. In Anwesenheit der B\u00fcrgermeister von Petersberg und Fulda, Karl-Josef Schwiddessen und Dag Wehner, sowie dem Vorsitzenden des Sportkreises Fulda-H\u00fcnfeld, Martin Sch\u00e4fer, wurde die 75m\u00c2\u00b2 gro\u00dfe Wand mit ihren 36 Boulderrouten den Kletterern \u00fcbergeben. Und da Bouldern \u2013 mit Matten gesichertes Klettern in einer H\u00f6he von bis zu vier Metern \u2013 derzeit im Trend liegt, z\u00f6gerten die Besucher nicht lange und nahmen die neuen Routen der Au\u00dfenwand zahlreich \u201ein ihre H\u00e4nde\u201c.<\/p>\n<p>Anschliessend stellte die DAV-Leistungsgruppe ihr K\u00f6nnen bei einem Showklettern unter Beweis und wurde von den staunenden Besuchern mit kr\u00e4ftigem Applaus belohnt. Fingerfertigkeit zeigten die Jugendlichen auch im Anschluss, als sie Zauberk\u00fcnstler Stefan von K\u00f6ller bei seinen Zaubereien assistierten.<\/p>\n<p>Verschiedene Workshops zu den Themen \u201eSicherungsger\u00e4te-Update\u201c\u00e2\u20ac\u00a8\u201eMountainbike-Fahrtechnik\u201c und \u201eKlettertechnik\u201c rundeteten das Erlebnis DAV ab und begeisterten die Besucher f\u00fcr die sportlichen Herausforderungen in der Natur.<\/p>\n<p><a href=\"http:\/\/www.fuldaer-nachrichten.de\/wp-content\/uploads\/2015\/06\/13960.jpg\"><img decoding=\"async\" class=\"alignleft size-thumbnail wp-image-139269\" src=\"http:\/\/www.fuldaer-nachrichten.de\/wp-content\/uploads\/2015\/06\/13960-265x177.jpg\" alt=\"13960\" width=\"265\" height=\"177\" srcset=\"https:\/\/www.fuldaernachrichten.de\/wp-content\/uploads\/2015\/06\/13960-265x177.jpg 265w, https:\/\/www.fuldaernachrichten.de\/wp-content\/uploads\/2015\/06\/13960-600x401.jpg 600w, https:\/\/www.fuldaernachrichten.de\/wp-content\/uploads\/2015\/06\/13960.jpg 900w\" sizes=\"(max-width: 265px) 100vw, 265px\" \/><\/a>F\u00fcr das leibliche Wohl sorgten die DAV-Mitglieder mit Leckereien vom Grill und selbstgebackenem Kuchen.<br \/>\nAn diesem fr\u00f6hlichen Sommerfesttag dachten die DAV-Mitglieder aber auch an die Erdbebenopfer der Bergsteigerregion Nepal: im Rahmen einer Spendenaktion konnten \u00fcber 300 Euro gesammelt werden, die nun der Hilfsorganisation Himalaya Karuna\u00c2\u00a0 Deutschland e.V. (www.himalayakaruna.de) zu Gute kommen und den Wiederaufbau in der Ungl\u00fccksregion unterst\u00fctzen sollen.<\/p>\n","protected":false},"excerpt":{"rendered":"<div class=\"tmnf_excerpt\"><p>Die Sektion Fulda des Deutschen Alpenvereins (DAV) hat am Sonntag, 31. Mai, ihr Sommerfest mit einem Tag der offenen T\u00fcr im sektionseigenen Kletterzentrum in Petersberg gefeiert. Rund 600 Besucher lernten bei einem abwechselungsreichen\u00c2\u00a0 Programm nicht nur das Kletterzentrum, sondern auch die verschiedenen Angebote des DAV kennen. Gleichzeitig wurde die neue Au\u00dfenboulderwand er\u00f6ffnet, die im Fr\u00fchjahr &hellip;<\/p>\n<\/div>","protected":false},"author":1,"featured_media":139264,"comment_status":"closed","ping_status":"closed","sticky":false,"template":"","format":"standard","meta":{"footnotes":""},"categories":[1,46],"tags":[],"class_list":["post-139263","post","type-post","status-publish","format-standard","has-post-thumbnail","hentry","category-startseite","category-sport"],"_links":{"self":[{"href":"https:\/\/www.fuldaernachrichten.de\/index.php?rest_route=\/wp\/v2\/posts\/139263","targetHints":{"allow":["GET"]}}],"collection":[{"href":"https:\/\/www.fuldaernachrichten.de\/index.php?rest_route=\/wp\/v2\/posts"}],"about":[{"href":"https:\/\/www.fuldaernachrichten.de\/index.php?rest_route=\/wp\/v2\/types\/post"}],"author":[{"embeddable":true,"href":"https:\/\/www.fuldaernachrichten.de\/index.php?rest_route=\/wp\/v2\/users\/1"}],"replies":[{"embeddable":true,"href":"https:\/\/www.fuldaernachrichten.de\/index.php?rest_route=%2Fwp%2Fv2%2Fcomments&post=139263"}],"version-history":[{"count":1,"href":"https:\/\/www.fuldaernachrichten.de\/index.php?rest_route=\/wp\/v2\/posts\/139263\/revisions"}],"predecessor-version":[{"id":139270,"href":"https:\/\/www.fuldaernachrichten.de\/index.php?rest_route=\/wp\/v2\/posts\/139263\/revisions\/139270"}],"wp:featuredmedia":[{"embeddable":true,"href":"https:\/\/www.fuldaernachrichten.de\/index.php?rest_route=\/wp\/v2\/media\/139264"}],"wp:attachment":[{"href":"https:\/\/www.fuldaernachrichten.de\/index.php?rest_route=%2Fwp%2Fv2%2Fmedia&parent=139263"}],"wp:term":[{"taxonomy":"category","embeddable":true,"href":"https:\/\/www.fuldaernachrichten.de\/index.php?rest_route=%2Fwp%2Fv2%2Fcategories&post=139263"},{"taxonomy":"post_tag","embeddable":true,"href":"https:\/\/www.fuldaernachrichten.de\/index.php?rest_route=%2Fwp%2Fv2%2Ftags&post=139263"}],"curies":[{"name":"wp","href":"https:\/\/api.w.org\/{rel}","templated":true}]}}