{"id":139259,"date":"2015-06-02T16:55:14","date_gmt":"2015-06-02T14:55:14","guid":{"rendered":"http:\/\/www.fuldaer-nachrichten.de\/?p=139259"},"modified":"2015-06-02T16:55:14","modified_gmt":"2015-06-02T14:55:14","slug":"kostenlose-erfinderberatung-2","status":"publish","type":"post","link":"https:\/\/www.fuldaernachrichten.de\/?p=139259","title":{"rendered":"Kostenlose Erfinderberatung"},"content":{"rendered":"<p>Erfinder stehen h\u00e4ufig vor der Frage, wie sie ihre innovativen Produktideen dem Markt zur Verfu\u00cc\u02c6gung stellen k\u00f6nnen, bevor ein anderer eine \u00e4hnliche Entwicklung macht oder eine Kopie auftaucht. Am Dienstag, 9. Juni 2015, 14.00 Uhr, l\u00e4dt die IHK Fulda zu einer kostenlosen Informationsveranstaltung mit anschlie\u00dfendem Erfindersprechtag in das Geb\u00e4ude der IHK, Raum 601+602 ein.<\/p>\n<p>Welche gewerblichen Schutzrechte k\u00f6nnen beantragt beziehungsweise durchgesetzt werden? Wie und wo kann ein Erfinder nach dem neuesten Stand der Technik recherchieren? Welche Kosten sind mit der Anmeldung und Aufrechterhaltung eines Schutzrechtes verbunden? Antworten auf diese Fragen geben ein Patentanwalt, und ein Berater des Patentinformationszentrums mit Sitz in Kassel w\u00e4hrend des Sprechtages.<\/p>\n<p>Nach der Informationsveranstaltung kann jeder Erfinder in einem vertraulichen Gespr\u00e4ch von rund 15 Minuten seine Entwicklung oder Erfindung vorstellen.<\/p>\n<p>Terminvereinbarungen unter 0661 284-15 oder per E-Mail kuemmel-naderer@fulda.ihk.de, Ansprechpartnerin: Sabrina Ku\u00cc\u02c6mmel-Naderer<\/p>\n","protected":false},"excerpt":{"rendered":"<div class=\"tmnf_excerpt\"><p>Erfinder stehen h\u00e4ufig vor der Frage, wie sie ihre innovativen Produktideen dem Markt zur Verfu\u00cc\u02c6gung stellen k\u00f6nnen, bevor ein anderer eine \u00e4hnliche Entwicklung macht oder eine Kopie auftaucht. Am Dienstag, 9. Juni 2015, 14.00 Uhr, l\u00e4dt die IHK Fulda zu einer kostenlosen Informationsveranstaltung mit anschlie\u00dfendem Erfindersprechtag in das Geb\u00e4ude der IHK, Raum 601+602 ein. Welche &hellip;<\/p>\n<\/div>","protected":false},"author":1,"featured_media":0,"comment_status":"closed","ping_status":"closed","sticky":false,"template":"","format":"standard","meta":{"footnotes":""},"categories":[1],"tags":[],"class_list":["post-139259","post","type-post","status-publish","format-standard","hentry","category-startseite"],"_links":{"self":[{"href":"https:\/\/www.fuldaernachrichten.de\/index.php?rest_route=\/wp\/v2\/posts\/139259","targetHints":{"allow":["GET"]}}],"collection":[{"href":"https:\/\/www.fuldaernachrichten.de\/index.php?rest_route=\/wp\/v2\/posts"}],"about":[{"href":"https:\/\/www.fuldaernachrichten.de\/index.php?rest_route=\/wp\/v2\/types\/post"}],"author":[{"embeddable":true,"href":"https:\/\/www.fuldaernachrichten.de\/index.php?rest_route=\/wp\/v2\/users\/1"}],"replies":[{"embeddable":true,"href":"https:\/\/www.fuldaernachrichten.de\/index.php?rest_route=%2Fwp%2Fv2%2Fcomments&post=139259"}],"version-history":[{"count":1,"href":"https:\/\/www.fuldaernachrichten.de\/index.php?rest_route=\/wp\/v2\/posts\/139259\/revisions"}],"predecessor-version":[{"id":139260,"href":"https:\/\/www.fuldaernachrichten.de\/index.php?rest_route=\/wp\/v2\/posts\/139259\/revisions\/139260"}],"wp:attachment":[{"href":"https:\/\/www.fuldaernachrichten.de\/index.php?rest_route=%2Fwp%2Fv2%2Fmedia&parent=139259"}],"wp:term":[{"taxonomy":"category","embeddable":true,"href":"https:\/\/www.fuldaernachrichten.de\/index.php?rest_route=%2Fwp%2Fv2%2Fcategories&post=139259"},{"taxonomy":"post_tag","embeddable":true,"href":"https:\/\/www.fuldaernachrichten.de\/index.php?rest_route=%2Fwp%2Fv2%2Ftags&post=139259"}],"curies":[{"name":"wp","href":"https:\/\/api.w.org\/{rel}","templated":true}]}}