{"id":139253,"date":"2015-06-02T16:10:15","date_gmt":"2015-06-02T14:10:15","guid":{"rendered":"http:\/\/www.fuldaer-nachrichten.de\/?p=139253"},"modified":"2015-06-02T16:10:15","modified_gmt":"2015-06-02T14:10:15","slug":"erstmals-klimafreundlicher-supermarkt-mit-dem-blauen-engel-ausgezeichnet","status":"publish","type":"post","link":"https:\/\/www.fuldaernachrichten.de\/?p=139253","title":{"rendered":"Erstmals klimafreundlicher Supermarkt mit dem Blauen Engel ausgezeichnet"},"content":{"rendered":"<p>Zum ersten Mal wird ein Supermarkt mit dem Blauen Engel ausgezeichnet. Der tegut\u00e2\u20ac\u00a6-Markt in Marburg-Cappel erhielt heute die Auszeichnung von Staatssekret\u00e4r Gunther Adler. Damit wird der Supermarkt als besonders ener-gieeffizienter Betrieb ausgezeichnet, der ausschlie\u00dflich klimafreundliche, na-tu\u00cc\u02c6rliche K\u00e4ltemittel verwendet. Der Energieverbrauch der klimafreundlichen Vorzeigefiliale ist 30 Prozent geringer als bei vergleichbaren \u00e4lteren Filialen.<\/p>\n<p>Adler: \u201eDer Blaue Engel ist seit langem eine wichtige Orientierungshilfe fu\u00cc\u02c6r Verbraucher, die umweltbewusst einkaufen wollen. Dass er jetzt erstmals auch fu\u00cc\u02c6r einen ganzen Su-permarkt verliehen wird, ist ein wichtiger Schritt hin zu einem umweltvertr\u00e4glichen Ein-kauf.\u201c<\/p>\n<p>Das Handelsunternehmen musste eine Vielzahl an Kriterien erfu\u00cc\u02c6llen, um die Filiale mit dem Blauen Engel zertifizieren zu lassen: von Tu\u00cc\u02c6ren an Ku\u00cc\u02c6hltheken u\u00cc\u02c6ber Photovoltaik auf dem Dach, der Verwendung natu\u00cc\u02c6rlicher K\u00e4ltemittel, eine Beheizung des Geb\u00e4udes mit der Abw\u00e4rme der Ku\u00cc\u02c6hlung, LED-Beleuchtung, Recyclingpapier fu\u00cc\u02c6r die Werbeprospekte bis hin zu Fahrradstellpl\u00e4tzen.<\/p>\n<p>Das k\u00f6nnte Vorbildcharakter fu\u00cc\u02c6r den Lebensmitteleinzelhandel entfalten, der fu\u00cc\u02c6r rund drei Prozent des gesamten Endenergieverbrauchs in Deutschland und ein Prozent der deut-schen Treibhausgasemissionen verantwortlich ist. Allein die Ku\u00cc\u02c6hlung von Lebensmitteln in den Gesch\u00e4ften verbraucht knapp 40 Prozent der Energie.<\/p>\n<p>Zurzeit gibt es rund 12.000 Produkte mit dem \u201eBlauen Engel\u201c von 1.500 Unternehmen in 120 verschiedenen Produktgruppen. Nur die aus Umweltsicht besten Waren und Dienst-leistungen einer Produktgruppe erhalten den \u201eBlauen Engel\u201c. Unabh\u00e4ngigkeit und Glaubwu\u00cc\u02c6rdigkeit garantieren die Jury Umweltzeichen, das Bundesumweltministerium, das Umweltbundesamt und die RAL gGmbH. Mitglieder der Jury Umweltzeichen sind BDI, BUND, DGB, HDE, NABU, vzbv, ZDH, Stiftung Warentest, Medien, Kirchen, Wissenschaft, der Deutsche St\u00e4dtetag und Vertreter von zwei Bundesl\u00e4ndern.<\/p>\n","protected":false},"excerpt":{"rendered":"<div class=\"tmnf_excerpt\"><p>Zum ersten Mal wird ein Supermarkt mit dem Blauen Engel ausgezeichnet. Der tegut\u00e2\u20ac\u00a6-Markt in Marburg-Cappel erhielt heute die Auszeichnung von Staatssekret\u00e4r Gunther Adler. Damit wird der Supermarkt als besonders ener-gieeffizienter Betrieb ausgezeichnet, der ausschlie\u00dflich klimafreundliche, na-tu\u00cc\u02c6rliche K\u00e4ltemittel verwendet. Der Energieverbrauch der klimafreundlichen Vorzeigefiliale ist 30 Prozent geringer als bei vergleichbaren \u00e4lteren Filialen. Adler: \u201eDer Blaue &hellip;<\/p>\n<\/div>","protected":false},"author":1,"featured_media":139254,"comment_status":"closed","ping_status":"closed","sticky":false,"template":"","format":"standard","meta":{"footnotes":""},"categories":[1],"tags":[],"class_list":["post-139253","post","type-post","status-publish","format-standard","has-post-thumbnail","hentry","category-startseite"],"_links":{"self":[{"href":"https:\/\/www.fuldaernachrichten.de\/index.php?rest_route=\/wp\/v2\/posts\/139253","targetHints":{"allow":["GET"]}}],"collection":[{"href":"https:\/\/www.fuldaernachrichten.de\/index.php?rest_route=\/wp\/v2\/posts"}],"about":[{"href":"https:\/\/www.fuldaernachrichten.de\/index.php?rest_route=\/wp\/v2\/types\/post"}],"author":[{"embeddable":true,"href":"https:\/\/www.fuldaernachrichten.de\/index.php?rest_route=\/wp\/v2\/users\/1"}],"replies":[{"embeddable":true,"href":"https:\/\/www.fuldaernachrichten.de\/index.php?rest_route=%2Fwp%2Fv2%2Fcomments&post=139253"}],"version-history":[{"count":1,"href":"https:\/\/www.fuldaernachrichten.de\/index.php?rest_route=\/wp\/v2\/posts\/139253\/revisions"}],"predecessor-version":[{"id":139255,"href":"https:\/\/www.fuldaernachrichten.de\/index.php?rest_route=\/wp\/v2\/posts\/139253\/revisions\/139255"}],"wp:featuredmedia":[{"embeddable":true,"href":"https:\/\/www.fuldaernachrichten.de\/index.php?rest_route=\/wp\/v2\/media\/139254"}],"wp:attachment":[{"href":"https:\/\/www.fuldaernachrichten.de\/index.php?rest_route=%2Fwp%2Fv2%2Fmedia&parent=139253"}],"wp:term":[{"taxonomy":"category","embeddable":true,"href":"https:\/\/www.fuldaernachrichten.de\/index.php?rest_route=%2Fwp%2Fv2%2Fcategories&post=139253"},{"taxonomy":"post_tag","embeddable":true,"href":"https:\/\/www.fuldaernachrichten.de\/index.php?rest_route=%2Fwp%2Fv2%2Ftags&post=139253"}],"curies":[{"name":"wp","href":"https:\/\/api.w.org\/{rel}","templated":true}]}}