{"id":139249,"date":"2015-06-02T16:07:37","date_gmt":"2015-06-02T14:07:37","guid":{"rendered":"http:\/\/www.fuldaer-nachrichten.de\/?p=139249"},"modified":"2015-06-02T16:07:37","modified_gmt":"2015-06-02T14:07:37","slug":"besuchsauftakt-polnische-caritas-gaeste-von-bischof-algermissen-empfangen","status":"publish","type":"post","link":"https:\/\/www.fuldaernachrichten.de\/?p=139249","title":{"rendered":"Besuchsauftakt: Polnische Caritas-G\u00e4ste von Bischof Algermissen empfangen"},"content":{"rendered":"<p><a href=\"http:\/\/www.fuldaer-nachrichten.de\/wp-content\/uploads\/2015\/06\/zu-39-cs_II_PolnischeG\u00e4ste_Bischof_Im-Gespr\u00e4ch_020615_IMG_1576.jpg\"><img decoding=\"async\" class=\"alignleft size-thumbnail wp-image-139251\" src=\"http:\/\/www.fuldaer-nachrichten.de\/wp-content\/uploads\/2015\/06\/zu-39-cs_II_PolnischeG\u00e4ste_Bischof_Im-Gespr\u00e4ch_020615_IMG_1576-265x183.jpg\" alt=\"zu 39-cs_II_PolnischeG\u00e4ste_Bischof_Im Gespr\u00e4ch_020615_IMG_1576\" width=\"265\" height=\"183\" \/><\/a>\u201eIch freue mich sehr, dass Sie mich gleich zum Beginn Ihres Aufenthaltes hier im Bischofshaus besuchen kommen\u201c, unterstrich Bischof Heinz-Josef Algermissen zur Begr\u00fc\u00dfung von sechs polnischen Seniorinnen und Senioren, die f\u00fcr zweieinhalb Wochen in H\u00fcnfeld Quartier genommen haben. Als G\u00e4ste der Caritas Fulda nehmen sie an einem Programm des Freiburger Maximilian-Kolbe-Werks teil, das zur Vers\u00f6hnung zwischen dem deutschen und dem polnischen Volk beitragen soll und Menschen, die als Verfolgte des Nazi-Regimes Unrecht durch die Deutschen erlitten haben, zu Aufenthalten nach Deutschland einl\u00e4dt.<\/p>\n<p>Bei seinem Empfang betonte Bischof Algermissen, dass zwar die Erholung die wichtigste Rolle bei diesem Aufenthalt spiele. Er sch\u00e4tze es jedoch sehr, dass die G\u00e4ste, die als Kinder und Jugendliche in Gefangenenlagern von Nazi-Deutschland Teile ihrer Kindheit beraubt wurden, dennoch bereits seien, in Rahmen von Zeitzeugengespr\u00e4chen ihre Erfahrungen an junge Deutsche weiter zu geben, damit sich dieses Kapitel der Geschichte nie wiederholen k\u00f6nne.<\/p>\n<p>Ein solches Zeitzeugengespr\u00e4ch soll im Rahmen dieses Aufenthalts im Fuldaer Marianum stattfinden. Di\u00f6zesan-Caritasdirektor Dr. Markus Juch, der ebenfalls an dem Bischofsempfang teilnahm, berichtete in diesem Zusammenhang, dass die Auszubildenden der Caritas bei Ausfl\u00fcgen auch das Gel\u00e4nde des KZ Buchenwald besuchten, um sich mit diesem unr\u00fchmlichen Abschnitt der Geschichte Deutschlands auseinanderzusetzen.<\/p>\n<p>Die polnischen G\u00e4ste, die begleitet werden von der ehrenamtlichen Caritas-Mitarbeiterin Anneliese Wiegand und der Polnisch-Dolmetscherin Marianne Drechsel-Gillner, bedankten sich f\u00fcr die freundliche Aufnahme. Sie blickten erwartungsvoll auf die kommenden Tage in Osthessen, teilten sie dem Bischof mit. Zur Erinnerung \u00fcbereichte Ihnen Bischof Algermissen CDs mit Orgelaufnahmen aus dem Fuldaer Dom und entlie\u00df die G\u00e4ste schlie\u00dflich zu einem ersten Fulda-Rundgang mit dem bisch\u00f6flichen Segen.<\/p>\n","protected":false},"excerpt":{"rendered":"<div class=\"tmnf_excerpt\"><p>\u201eIch freue mich sehr, dass Sie mich gleich zum Beginn Ihres Aufenthaltes hier im Bischofshaus besuchen kommen\u201c, unterstrich Bischof Heinz-Josef Algermissen zur Begr\u00fc\u00dfung von sechs polnischen Seniorinnen und Senioren, die f\u00fcr zweieinhalb Wochen in H\u00fcnfeld Quartier genommen haben. Als G\u00e4ste der Caritas Fulda nehmen sie an einem Programm des Freiburger Maximilian-Kolbe-Werks teil, das zur Vers\u00f6hnung &hellip;<\/p>\n<\/div>","protected":false},"author":1,"featured_media":139250,"comment_status":"closed","ping_status":"closed","sticky":false,"template":"","format":"standard","meta":{"footnotes":""},"categories":[1,50],"tags":[],"class_list":["post-139249","post","type-post","status-publish","format-standard","has-post-thumbnail","hentry","category-startseite","category-kirche"],"_links":{"self":[{"href":"https:\/\/www.fuldaernachrichten.de\/index.php?rest_route=\/wp\/v2\/posts\/139249","targetHints":{"allow":["GET"]}}],"collection":[{"href":"https:\/\/www.fuldaernachrichten.de\/index.php?rest_route=\/wp\/v2\/posts"}],"about":[{"href":"https:\/\/www.fuldaernachrichten.de\/index.php?rest_route=\/wp\/v2\/types\/post"}],"author":[{"embeddable":true,"href":"https:\/\/www.fuldaernachrichten.de\/index.php?rest_route=\/wp\/v2\/users\/1"}],"replies":[{"embeddable":true,"href":"https:\/\/www.fuldaernachrichten.de\/index.php?rest_route=%2Fwp%2Fv2%2Fcomments&post=139249"}],"version-history":[{"count":1,"href":"https:\/\/www.fuldaernachrichten.de\/index.php?rest_route=\/wp\/v2\/posts\/139249\/revisions"}],"predecessor-version":[{"id":139252,"href":"https:\/\/www.fuldaernachrichten.de\/index.php?rest_route=\/wp\/v2\/posts\/139249\/revisions\/139252"}],"wp:featuredmedia":[{"embeddable":true,"href":"https:\/\/www.fuldaernachrichten.de\/index.php?rest_route=\/wp\/v2\/media\/139250"}],"wp:attachment":[{"href":"https:\/\/www.fuldaernachrichten.de\/index.php?rest_route=%2Fwp%2Fv2%2Fmedia&parent=139249"}],"wp:term":[{"taxonomy":"category","embeddable":true,"href":"https:\/\/www.fuldaernachrichten.de\/index.php?rest_route=%2Fwp%2Fv2%2Fcategories&post=139249"},{"taxonomy":"post_tag","embeddable":true,"href":"https:\/\/www.fuldaernachrichten.de\/index.php?rest_route=%2Fwp%2Fv2%2Ftags&post=139249"}],"curies":[{"name":"wp","href":"https:\/\/api.w.org\/{rel}","templated":true}]}}