{"id":139240,"date":"2015-06-02T13:37:27","date_gmt":"2015-06-02T11:37:27","guid":{"rendered":"http:\/\/www.fuldaer-nachrichten.de\/?p=139240"},"modified":"2015-06-02T13:37:27","modified_gmt":"2015-06-02T11:37:27","slug":"wieder-nacht-der-poesie-am-mittwoch-10-juni-ab-20-30-uhr-auf-der-wiese-oberhalb-des-sportplatzes","status":"publish","type":"post","link":"https:\/\/www.fuldaernachrichten.de\/?p=139240","title":{"rendered":"Wieder \u201eNacht der Poesie\u201c Am Mittwoch, 10. Juni, ab 20.30 Uhr auf der Wiese oberhalb des Sportplatzes"},"content":{"rendered":"<p>Der Schauspieler Rudolf Herget hatte mit seinen \u201eN\u00e4chten der Poesie\u201c eine ganz au\u00dfergew\u00f6hnliche Begegnung zwischen Natur und poetischen Texten geschaffen. Nachdem im vergangenen Jahr in Dammersbach mit einem spontanen Treffen dem verstorbenen Schauspieler mit einem Poesieabend gedacht worden war, soll sein Erbe weitergetragen werden.<\/p>\n<p>Engagierte Dammersbacher B\u00fcrger haben sich zusammengefunden, um am Mittwoch, 10. Juni, ab 20.30 Uhr auf der Wiese oberhalb des Sportgel\u00e4ndes eine \u201eNacht der Poesie\u201c zu gestalten. Dazu sind die Literaturfreunde eingeladen, die Poesie mit dem Naturerlebnis in einer Sommernacht verbinden wollen. Schon bei der Gedenkveranstaltung im vergangenen Jahr f\u00fcr den verstorbenen Schauspieler Rudolf Herget hatten zahlreiche G\u00e4ste spontan poetische Texte ausgew\u00e4hlt und diese vorgetragen. Daran soll die neue \u201eNacht der Poesie\u201c jetzt ankn\u00fcpfen. Willkommen sind vor allem Menschen, die sich von poetischen Texten in freier Natur in den Bann ziehen lassen wollen.<\/p>\n","protected":false},"excerpt":{"rendered":"<div class=\"tmnf_excerpt\"><p>Der Schauspieler Rudolf Herget hatte mit seinen \u201eN\u00e4chten der Poesie\u201c eine ganz au\u00dfergew\u00f6hnliche Begegnung zwischen Natur und poetischen Texten geschaffen. Nachdem im vergangenen Jahr in Dammersbach mit einem spontanen Treffen dem verstorbenen Schauspieler mit einem Poesieabend gedacht worden war, soll sein Erbe weitergetragen werden. Engagierte Dammersbacher B\u00fcrger haben sich zusammengefunden, um am Mittwoch, 10. Juni, &hellip;<\/p>\n<\/div>","protected":false},"author":1,"featured_media":0,"comment_status":"closed","ping_status":"closed","sticky":false,"template":"","format":"standard","meta":{"footnotes":""},"categories":[1,44],"tags":[],"class_list":["post-139240","post","type-post","status-publish","format-standard","hentry","category-startseite","category-kultur"],"_links":{"self":[{"href":"https:\/\/www.fuldaernachrichten.de\/index.php?rest_route=\/wp\/v2\/posts\/139240","targetHints":{"allow":["GET"]}}],"collection":[{"href":"https:\/\/www.fuldaernachrichten.de\/index.php?rest_route=\/wp\/v2\/posts"}],"about":[{"href":"https:\/\/www.fuldaernachrichten.de\/index.php?rest_route=\/wp\/v2\/types\/post"}],"author":[{"embeddable":true,"href":"https:\/\/www.fuldaernachrichten.de\/index.php?rest_route=\/wp\/v2\/users\/1"}],"replies":[{"embeddable":true,"href":"https:\/\/www.fuldaernachrichten.de\/index.php?rest_route=%2Fwp%2Fv2%2Fcomments&post=139240"}],"version-history":[{"count":1,"href":"https:\/\/www.fuldaernachrichten.de\/index.php?rest_route=\/wp\/v2\/posts\/139240\/revisions"}],"predecessor-version":[{"id":139241,"href":"https:\/\/www.fuldaernachrichten.de\/index.php?rest_route=\/wp\/v2\/posts\/139240\/revisions\/139241"}],"wp:attachment":[{"href":"https:\/\/www.fuldaernachrichten.de\/index.php?rest_route=%2Fwp%2Fv2%2Fmedia&parent=139240"}],"wp:term":[{"taxonomy":"category","embeddable":true,"href":"https:\/\/www.fuldaernachrichten.de\/index.php?rest_route=%2Fwp%2Fv2%2Fcategories&post=139240"},{"taxonomy":"post_tag","embeddable":true,"href":"https:\/\/www.fuldaernachrichten.de\/index.php?rest_route=%2Fwp%2Fv2%2Ftags&post=139240"}],"curies":[{"name":"wp","href":"https:\/\/api.w.org\/{rel}","templated":true}]}}