{"id":139221,"date":"2015-06-02T12:37:51","date_gmt":"2015-06-02T10:37:51","guid":{"rendered":"http:\/\/www.fuldaer-nachrichten.de\/?p=139221"},"modified":"2015-06-02T12:37:51","modified_gmt":"2015-06-02T10:37:51","slug":"maennerabend-und-frauenfruehstueck","status":"publish","type":"post","link":"https:\/\/www.fuldaernachrichten.de\/?p=139221","title":{"rendered":"M\u00e4nnerabend und Frauenfr\u00fchst\u00fcck"},"content":{"rendered":"<p>Frauenfru\u00cc\u02c6hstu\u00cc\u02c6ck am Mittwoch, 17. Juni 2015<br \/>\nAm 17. Juni l\u00e4dt das St. Bonifatiuskloster in Hu\u00cc\u02c6nfeld wieder zum Frauenfru\u00cc\u02c6hstu\u00cc\u02c6ck ein. P. Martin Wolf OMI spricht u\u00cc\u02c6ber das Thema: \u201eGlu\u00cc\u02c6ck \u2013 was ist das?\u201c. Das Frauenfru\u00cc\u02c6hstu\u00cc\u02c6ck beginnt um 8.30 Uhr mit der Feier der heiligen Messe in der Klosterkirche, Fru\u00cc\u02c6hstu\u00cc\u02c6ck und Vortrag mit Gespr\u00e4ch schlie\u00dfen sich an, Ende ist gegen 11.15 Uhr. Der Beitrag fu\u00cc\u02c6r das Fru\u00cc\u02c6hstu\u00cc\u02c6ck und den Referenten betr\u00e4gt 7,50 \u00e2\u201a\u00ac pro Person. Um Anmeldung im G\u00e4stebu\u00cc\u02c6ro des St. Bonifatiusklosters wird gebeten: gaestebuero@bonifatiuskloster.de oder 06652\/94537.<\/p>\n<p>M\u00e4nnerabend am Mittwoch, 17. Juni 2015<br \/>\nEbenfalls am 17. Juni findet im St. Bonifatiuskloster in Hu\u00cc\u02c6nfeld ein M\u00e4nnerabend statt. \u00dcber das Thema \u201eFamilien-Ansichten im Wandel \u2013 Vereinbarkeit von Familie und Beruf\u201c wird Christina Krack sprechen. Der M\u00e4nnerabend beginnt mit dem Abendessen um 18.30 Uhr. Vortrag und Gespr\u00e4ch schlie\u00dfen sich an, Ende ist gegen 21.00 Uhr. Der Beitrag fu\u00cc\u02c6r das Abendessen und die Referentin betr\u00e4gt 10 \u00e2\u201a\u00ac pro Person. Um Anmeldung im G\u00e4stebu\u00cc\u02c6ro des St. Bonifatiusklosters wird gebeten: gaestebuero@bonifatiuskloster.de oder 06652\/94537.<\/p>\n","protected":false},"excerpt":{"rendered":"<div class=\"tmnf_excerpt\"><p>Frauenfru\u00cc\u02c6hstu\u00cc\u02c6ck am Mittwoch, 17. Juni 2015 Am 17. Juni l\u00e4dt das St. Bonifatiuskloster in Hu\u00cc\u02c6nfeld wieder zum Frauenfru\u00cc\u02c6hstu\u00cc\u02c6ck ein. P. Martin Wolf OMI spricht u\u00cc\u02c6ber das Thema: \u201eGlu\u00cc\u02c6ck \u2013 was ist das?\u201c. Das Frauenfru\u00cc\u02c6hstu\u00cc\u02c6ck beginnt um 8.30 Uhr mit der Feier der heiligen Messe in der Klosterkirche, Fru\u00cc\u02c6hstu\u00cc\u02c6ck und Vortrag mit Gespr\u00e4ch schlie\u00dfen sich an, &hellip;<\/p>\n<\/div>","protected":false},"author":1,"featured_media":0,"comment_status":"closed","ping_status":"closed","sticky":false,"template":"","format":"standard","meta":{"footnotes":""},"categories":[1],"tags":[],"class_list":["post-139221","post","type-post","status-publish","format-standard","hentry","category-startseite"],"_links":{"self":[{"href":"https:\/\/www.fuldaernachrichten.de\/index.php?rest_route=\/wp\/v2\/posts\/139221","targetHints":{"allow":["GET"]}}],"collection":[{"href":"https:\/\/www.fuldaernachrichten.de\/index.php?rest_route=\/wp\/v2\/posts"}],"about":[{"href":"https:\/\/www.fuldaernachrichten.de\/index.php?rest_route=\/wp\/v2\/types\/post"}],"author":[{"embeddable":true,"href":"https:\/\/www.fuldaernachrichten.de\/index.php?rest_route=\/wp\/v2\/users\/1"}],"replies":[{"embeddable":true,"href":"https:\/\/www.fuldaernachrichten.de\/index.php?rest_route=%2Fwp%2Fv2%2Fcomments&post=139221"}],"version-history":[{"count":1,"href":"https:\/\/www.fuldaernachrichten.de\/index.php?rest_route=\/wp\/v2\/posts\/139221\/revisions"}],"predecessor-version":[{"id":139224,"href":"https:\/\/www.fuldaernachrichten.de\/index.php?rest_route=\/wp\/v2\/posts\/139221\/revisions\/139224"}],"wp:attachment":[{"href":"https:\/\/www.fuldaernachrichten.de\/index.php?rest_route=%2Fwp%2Fv2%2Fmedia&parent=139221"}],"wp:term":[{"taxonomy":"category","embeddable":true,"href":"https:\/\/www.fuldaernachrichten.de\/index.php?rest_route=%2Fwp%2Fv2%2Fcategories&post=139221"},{"taxonomy":"post_tag","embeddable":true,"href":"https:\/\/www.fuldaernachrichten.de\/index.php?rest_route=%2Fwp%2Fv2%2Ftags&post=139221"}],"curies":[{"name":"wp","href":"https:\/\/api.w.org\/{rel}","templated":true}]}}