{"id":139215,"date":"2015-06-02T12:35:34","date_gmt":"2015-06-02T10:35:34","guid":{"rendered":"http:\/\/www.fuldaer-nachrichten.de\/?p=139215"},"modified":"2015-06-02T12:35:34","modified_gmt":"2015-06-02T10:35:34","slug":"orgelmatinee-mit-alexander-niehues-am-13-juni-um-12-05-uhr-im-fuldaer-dom","status":"publish","type":"post","link":"https:\/\/www.fuldaernachrichten.de\/?p=139215","title":{"rendered":"Orgelmatinee mit Alexander Niehues am 13. Juni um 12.05 Uhr, im Fuldaer Dom"},"content":{"rendered":"<p>Im Zusammenhang mit dem Dreifaltigkeitsfest und vor allem dem Herz-Jesu-Fest darf man das Programm von Alexander Niehues aus Mannheim, der die Matinee am 13. Juni von 12.05 bis 12.35 Uhr im Fuldaer Dom gestaltet, verstehen. H\u00f6hepunkt des Programmes ist ohne Zweifel das Triptychon f\u00fcr Orgel von Naji Hakim, einem der bedeutendsten lebenden Komponisten f\u00fcr Orgel. Der in Frankreich ans\u00e4ssige Libanese verwendet als Vorlage f\u00fcr seine drei St\u00fccke gregorianische Motive und Textstellen aus diesen bzw. in Zusammenhang mit den genannten Festen. Diesen hochvirtuosen St\u00fccken vorangestellt sind zwei Werke aus dem klassischen Repertoire von Johann Sebastian Bach und Josef Gabriel Rheinberger.<\/p>\n","protected":false},"excerpt":{"rendered":"<div class=\"tmnf_excerpt\"><p>Im Zusammenhang mit dem Dreifaltigkeitsfest und vor allem dem Herz-Jesu-Fest darf man das Programm von Alexander Niehues aus Mannheim, der die Matinee am 13. Juni von 12.05 bis 12.35 Uhr im Fuldaer Dom gestaltet, verstehen. H\u00f6hepunkt des Programmes ist ohne Zweifel das Triptychon f\u00fcr Orgel von Naji Hakim, einem der bedeutendsten lebenden Komponisten f\u00fcr Orgel. &hellip;<\/p>\n<\/div>","protected":false},"author":1,"featured_media":139216,"comment_status":"closed","ping_status":"closed","sticky":false,"template":"","format":"standard","meta":{"footnotes":""},"categories":[1,50,44],"tags":[],"class_list":["post-139215","post","type-post","status-publish","format-standard","has-post-thumbnail","hentry","category-startseite","category-kirche","category-kultur"],"_links":{"self":[{"href":"https:\/\/www.fuldaernachrichten.de\/index.php?rest_route=\/wp\/v2\/posts\/139215","targetHints":{"allow":["GET"]}}],"collection":[{"href":"https:\/\/www.fuldaernachrichten.de\/index.php?rest_route=\/wp\/v2\/posts"}],"about":[{"href":"https:\/\/www.fuldaernachrichten.de\/index.php?rest_route=\/wp\/v2\/types\/post"}],"author":[{"embeddable":true,"href":"https:\/\/www.fuldaernachrichten.de\/index.php?rest_route=\/wp\/v2\/users\/1"}],"replies":[{"embeddable":true,"href":"https:\/\/www.fuldaernachrichten.de\/index.php?rest_route=%2Fwp%2Fv2%2Fcomments&post=139215"}],"version-history":[{"count":1,"href":"https:\/\/www.fuldaernachrichten.de\/index.php?rest_route=\/wp\/v2\/posts\/139215\/revisions"}],"predecessor-version":[{"id":139217,"href":"https:\/\/www.fuldaernachrichten.de\/index.php?rest_route=\/wp\/v2\/posts\/139215\/revisions\/139217"}],"wp:featuredmedia":[{"embeddable":true,"href":"https:\/\/www.fuldaernachrichten.de\/index.php?rest_route=\/wp\/v2\/media\/139216"}],"wp:attachment":[{"href":"https:\/\/www.fuldaernachrichten.de\/index.php?rest_route=%2Fwp%2Fv2%2Fmedia&parent=139215"}],"wp:term":[{"taxonomy":"category","embeddable":true,"href":"https:\/\/www.fuldaernachrichten.de\/index.php?rest_route=%2Fwp%2Fv2%2Fcategories&post=139215"},{"taxonomy":"post_tag","embeddable":true,"href":"https:\/\/www.fuldaernachrichten.de\/index.php?rest_route=%2Fwp%2Fv2%2Ftags&post=139215"}],"curies":[{"name":"wp","href":"https:\/\/api.w.org\/{rel}","templated":true}]}}