{"id":139156,"date":"2015-06-01T10:36:36","date_gmt":"2015-06-01T08:36:36","guid":{"rendered":"http:\/\/www.fuldaer-nachrichten.de\/?p=139156"},"modified":"2015-06-01T10:36:36","modified_gmt":"2015-06-01T08:36:36","slug":"arbeitskraeftenachfrage-am-ersten-arbeitsmarkt-weiterhin-auf-hohem-niveau","status":"publish","type":"post","link":"https:\/\/www.fuldaernachrichten.de\/?p=139156","title":{"rendered":"Arbeitskr\u00e4ftenachfrage am ersten Arbeitsmarkt weiterhin auf hohem Niveau"},"content":{"rendered":"<p>\u201eDie hessischen Betriebe zeigten auch im Mai bei den Stellenmeldungen keine Erm\u00fcdungserscheinungen. Die Nachfrage nach Arbeitskr\u00e4ften ist weiterhin stabil und bewegt sich auf einem hohen Niveau. Ich bin sehr zuversichtlich, dass sich unsere Prognose aus dem letzten Jahr: mehr sozialversicherungspflichtig Besch\u00e4ftigte f\u00fcr 2015, bewahrheiten wird.\u201c, so Dr. Frank Martin, Leiter der Regionaldirektion Hessen, zum aktuellen Stellenindex der Bundesagentur f\u00fcr Arbeit (BA-X).<\/p>\n<p>Der BA-X in Hessen blieb auch im letzten Monat robust und erreichte mit 178 Punkten den bislang h\u00f6chsten Wert in einem Mai seit Beginn der Erfassung im Jahr 2005. Im Vergleich zum Vormonat gab es keine Ver\u00e4nderung. Zum Vorjahresmonat stieg der Index um 31 Punkte.<\/p>\n<p>Den niedrigsten Wert in einem Mai erreichte der BA-X mit 117 Punkten im Jahr 2005. Der insgesamt h\u00f6chste BA-X Wert in Hessen wurde im November 2011 mit 181 Punkten erreicht.<\/p>\n<p>Hintergrundinformation<br \/>\nDer Stellenindex der Bundesagentur f\u00fcr Arbeit (BA-X) bildet die Entwicklung der Arbeitskr\u00e4ftenachfrage am ersten Arbeitsmarkt ab. Die Basis f\u00fcr den BA-Stellenindex bilden die der Bundesagentur f\u00fcr Arbeit (BA) gemeldeten ungef\u00f6rderten Arbeitsstellen, sowie die bei der BA gemeldeten Stellen f\u00fcr Freiberufler, Selbst\u00e4ndige und aus der Privaten Arbeitsvermittlung. Zur Berechnung des Index wird das Gesamtaggregat der Stellen des ersten Arbeitsmarktes saisonbereinigt.<\/p>\n","protected":false},"excerpt":{"rendered":"<div class=\"tmnf_excerpt\"><p>\u201eDie hessischen Betriebe zeigten auch im Mai bei den Stellenmeldungen keine Erm\u00fcdungserscheinungen. Die Nachfrage nach Arbeitskr\u00e4ften ist weiterhin stabil und bewegt sich auf einem hohen Niveau. Ich bin sehr zuversichtlich, dass sich unsere Prognose aus dem letzten Jahr: mehr sozialversicherungspflichtig Besch\u00e4ftigte f\u00fcr 2015, bewahrheiten wird.\u201c, so Dr. Frank Martin, Leiter der Regionaldirektion Hessen, zum aktuellen &hellip;<\/p>\n<\/div>","protected":false},"author":1,"featured_media":0,"comment_status":"closed","ping_status":"closed","sticky":false,"template":"","format":"standard","meta":{"footnotes":""},"categories":[1,53],"tags":[],"class_list":["post-139156","post","type-post","status-publish","format-standard","hentry","category-startseite","category-bildung"],"_links":{"self":[{"href":"https:\/\/www.fuldaernachrichten.de\/index.php?rest_route=\/wp\/v2\/posts\/139156","targetHints":{"allow":["GET"]}}],"collection":[{"href":"https:\/\/www.fuldaernachrichten.de\/index.php?rest_route=\/wp\/v2\/posts"}],"about":[{"href":"https:\/\/www.fuldaernachrichten.de\/index.php?rest_route=\/wp\/v2\/types\/post"}],"author":[{"embeddable":true,"href":"https:\/\/www.fuldaernachrichten.de\/index.php?rest_route=\/wp\/v2\/users\/1"}],"replies":[{"embeddable":true,"href":"https:\/\/www.fuldaernachrichten.de\/index.php?rest_route=%2Fwp%2Fv2%2Fcomments&post=139156"}],"version-history":[{"count":1,"href":"https:\/\/www.fuldaernachrichten.de\/index.php?rest_route=\/wp\/v2\/posts\/139156\/revisions"}],"predecessor-version":[{"id":139159,"href":"https:\/\/www.fuldaernachrichten.de\/index.php?rest_route=\/wp\/v2\/posts\/139156\/revisions\/139159"}],"wp:attachment":[{"href":"https:\/\/www.fuldaernachrichten.de\/index.php?rest_route=%2Fwp%2Fv2%2Fmedia&parent=139156"}],"wp:term":[{"taxonomy":"category","embeddable":true,"href":"https:\/\/www.fuldaernachrichten.de\/index.php?rest_route=%2Fwp%2Fv2%2Fcategories&post=139156"},{"taxonomy":"post_tag","embeddable":true,"href":"https:\/\/www.fuldaernachrichten.de\/index.php?rest_route=%2Fwp%2Fv2%2Ftags&post=139156"}],"curies":[{"name":"wp","href":"https:\/\/api.w.org\/{rel}","templated":true}]}}