{"id":139131,"date":"2015-05-30T21:16:24","date_gmt":"2015-05-30T19:16:24","guid":{"rendered":"http:\/\/www.fuldaer-nachrichten.de\/?p=139131"},"modified":"2015-05-30T21:16:24","modified_gmt":"2015-05-30T19:16:24","slug":"altbuecherbasar-kuenzell-2","status":"publish","type":"post","link":"https:\/\/www.fuldaernachrichten.de\/?p=139131","title":{"rendered":"Altb\u00fccherbasar K\u00fcnzell"},"content":{"rendered":"<p>Zum Altb\u00fccherbasar l\u00e4dt die Kinderhilfe Indien am Samstag den 6. Juni ein ins Thomas-Morus-Haus nach K\u00fcnzell. Im Angebot ist eine gro\u00dfe Auswahl g\u00fcnstiger B\u00fccher verschiedener Fachgebieten. Der Basar ist ge\u00f6ffnet von 14 bis 16 Uhr.\u00c2\u00a0 \u00e2\u20ac\u00a8Zum Anlesen bietet die Schm\u00f6kerecke wie gewohnt Kaffee und Kuchen. \u00e2\u20ac\u00a8Der Erl\u00f6s ist f\u00fcr die Kinderhilfe Indien der Jesuiten-Mission.<br \/>\nDas Basarteam bittet dringend, keine B\u00fccher im Umfeld des Pfarrheimes abzulegen. \u00e2\u20ac\u00a8Fragen beantwortet Marlene Diel unter Telefon 0661 \u2013 35191.<\/p>\n","protected":false},"excerpt":{"rendered":"<div class=\"tmnf_excerpt\"><p>Zum Altb\u00fccherbasar l\u00e4dt die Kinderhilfe Indien am Samstag den 6. Juni ein ins Thomas-Morus-Haus nach K\u00fcnzell. Im Angebot ist eine gro\u00dfe Auswahl g\u00fcnstiger B\u00fccher verschiedener Fachgebieten. Der Basar ist ge\u00f6ffnet von 14 bis 16 Uhr.\u00c2\u00a0 \u00e2\u20ac\u00a8Zum Anlesen bietet die Schm\u00f6kerecke wie gewohnt Kaffee und Kuchen. \u00e2\u20ac\u00a8Der Erl\u00f6s ist f\u00fcr die Kinderhilfe Indien der Jesuiten-Mission. Das &hellip;<\/p>\n<\/div>","protected":false},"author":1,"featured_media":0,"comment_status":"closed","ping_status":"closed","sticky":false,"template":"","format":"standard","meta":{"footnotes":""},"categories":[1],"tags":[],"class_list":["post-139131","post","type-post","status-publish","format-standard","hentry","category-startseite"],"_links":{"self":[{"href":"https:\/\/www.fuldaernachrichten.de\/index.php?rest_route=\/wp\/v2\/posts\/139131","targetHints":{"allow":["GET"]}}],"collection":[{"href":"https:\/\/www.fuldaernachrichten.de\/index.php?rest_route=\/wp\/v2\/posts"}],"about":[{"href":"https:\/\/www.fuldaernachrichten.de\/index.php?rest_route=\/wp\/v2\/types\/post"}],"author":[{"embeddable":true,"href":"https:\/\/www.fuldaernachrichten.de\/index.php?rest_route=\/wp\/v2\/users\/1"}],"replies":[{"embeddable":true,"href":"https:\/\/www.fuldaernachrichten.de\/index.php?rest_route=%2Fwp%2Fv2%2Fcomments&post=139131"}],"version-history":[{"count":1,"href":"https:\/\/www.fuldaernachrichten.de\/index.php?rest_route=\/wp\/v2\/posts\/139131\/revisions"}],"predecessor-version":[{"id":139132,"href":"https:\/\/www.fuldaernachrichten.de\/index.php?rest_route=\/wp\/v2\/posts\/139131\/revisions\/139132"}],"wp:attachment":[{"href":"https:\/\/www.fuldaernachrichten.de\/index.php?rest_route=%2Fwp%2Fv2%2Fmedia&parent=139131"}],"wp:term":[{"taxonomy":"category","embeddable":true,"href":"https:\/\/www.fuldaernachrichten.de\/index.php?rest_route=%2Fwp%2Fv2%2Fcategories&post=139131"},{"taxonomy":"post_tag","embeddable":true,"href":"https:\/\/www.fuldaernachrichten.de\/index.php?rest_route=%2Fwp%2Fv2%2Ftags&post=139131"}],"curies":[{"name":"wp","href":"https:\/\/api.w.org\/{rel}","templated":true}]}}