{"id":139109,"date":"2015-05-30T21:12:07","date_gmt":"2015-05-30T19:12:07","guid":{"rendered":"http:\/\/www.fuldaer-nachrichten.de\/?p=139109"},"modified":"2015-05-30T21:12:07","modified_gmt":"2015-05-30T19:12:07","slug":"mdb-brand-warnt-bei-gesellschaft-fuer-sicherheitspolitik-vor-neuer-eiszeit-mit-russland","status":"publish","type":"post","link":"https:\/\/www.fuldaernachrichten.de\/?p=139109","title":{"rendered":"MdB Brand warnt bei Gesellschaft f\u00fcr Sicherheitspolitik vor neuer Eiszeit mit Russland"},"content":{"rendered":"<p>Einen Gast mit gleich zwei Voraussetzungen f\u00fcr das Thema \u201eDeutschlands gewachsene Verantwortung in der Welt\u201c konnte Sektionsleiter Michael Trost bei der Gesellschaft f\u00fcr Sicherheitspolitik (GSP) Fulda zu Vortrag und Diskussion in Bronnzell begr\u00fc\u00dfen: der heimische Wahlkreisabgeordnete Michael Brand ist in Berlin unter anderem Mitglied im Verteidigungsausschuss, und zudem Vorsitzender des Ausschusses f\u00fcr Menschenrechte und humanit\u00e4re Hilfe. So verkn\u00fcpfte Brand in seinem Vortrag im bis auf den letzten Platz gef\u00fcllten Wintergarten des Hotel-Restaurant J\u00e4gerhaus aus beiden Perspektiven seine Analyse zur globalen Sicherheit und der gr\u00f6\u00dferen Verantwortung Deutschlands in der Welt.<br \/>\nBrand betonte, dass sich Deutschland vor dem Hintergrund der dramatischen Ver\u00e4nderungen in Europa und dar\u00fcber hinaus seiner Rolle als gr\u00f6\u00dfter europ\u00e4ischer Partner in der NATO und gr\u00f6\u00dftes EU-Mitglied \u201cnicht entziehen kann\u201c.<\/p>\n<p>Die \u201ezunehmend aggressive Rolle Russlands, die Herausforderung des internationalen Terrorismus und die gr\u00f6\u00dfte Fl\u00fcchtlingswelle seit dem Ende des Zweiten Weltkriegs\u201c erlauben es nach Sicht des Abgeordneten nicht, \u201enur passiv zuzuschauen, wie die Krisen sich weiter entwickeln\u201c. Brand, der im Verteidigungsausschuss regelm\u00e4\u00dfig mit den Sicherheitsfragen befasst ist, warnte vor dem Hintergrund der \u201erussischen Bedrohungen nicht nur der Ukraine\u201c davor, dass es \u201ewegen der Aggression Putins zu einer neuen Eiszeit mit Russland kommen kann\u201c. Die \u201eromantische Phase der EU-Erweiterung\u201c sei vorbei; die k\u00fcnftige Rolle der EU als \u201eglobal player\u201c in Gefahr.<br \/>\nWenn Europa den Herausforderungen \u201enicht insgesamt entschieden genug\u201c begegne, so bestehe die Gefahr, \u201edass wir unsere eigenen Interessen in Zukunft insgesamt nicht mehr vern\u00fcnftig wahrnehmen k\u00f6nnen\u201c, betonte Brand. Gleichg\u00fcltigkeit sei keinesfalls eine Option. Es w\u00e4re ein \u201efataler Irrtum zu glauben, als k\u00f6nnten wir uns durch schlichtes Wegducken vor den Krisen und Gefahren der neuen Zeit sch\u00fctzen\u201c.<\/p>\n<p>Seit dem Fall der Mauer sei von der Ukraine \u00fcber den Genozid w\u00e4hrend der Balkankriege bis zum Zusammenbruch ganzer Staaten und der Ausbreitung des internationalen Terrorismus vieles geschehen, \u201ewas die Welt heute anders dastehen l\u00e4sst und manche Hoffnung auch entt\u00e4uscht hat\u201c, mahnte der Abgeordnete.<\/p>\n<p>Deutschland werde sich \u201ehumanit\u00e4r, milit\u00e4risch und wirtschaftlich auf die ver\u00e4nderte Lage einstellen\u201c m\u00fcssen. Dabei komme es auch auf \u201eschnellere Reaktion in humanit\u00e4ren Krisen\u201c und \u201eengere milit\u00e4rische Kooperation mit internationalen Partnern\u201c an.<\/p>\n<p>Brand warb daf\u00fcr, bei der Neukonzeption der Au\u00dfen- und Sicherheitspolitik die F\u00e4higkeiten Deutschlands im humanit\u00e4ren und milit\u00e4rischen Bereich sowie im Bereich der wirtschaftlichen Zusammenarbeit \u201ejeweils konkret zu b\u00fcndeln\u201c und mit Blick auf bessere Wirksamkeit der Ma\u00dfnahmen ein Gesamtkonzept zu erarbeiten. Bundesregierung und Bundestag beraten derzeit \u00fcber verschiedene neue Ans\u00e4tze im Bereich der Au\u00dfenpolitik, der humanit\u00e4ren Hilfe und auch des Einsatzes der Bundeswehr. \u201eNiemand will so rasch in milit\u00e4rische Abenteuer verwickelt werden\u201c, sagte Brand. \u201eAber wir d\u00fcrfen auch nicht immer warten, bis eine Krise sich zu einem Fl\u00e4chenbrand entwickelt hat\u201c, warnte der Vorsitzende des Ausschusses f\u00fcr Menschenrechte und humanit\u00e4re Hilfe.<\/p>\n<p>Im Anschluss an den Vortrag ergab sich eine lebendige Diskussion \u00fcber zahlreiche Einzelthemen zur internationalen Positionierung Deutschlands.<\/p>\n","protected":false},"excerpt":{"rendered":"<div class=\"tmnf_excerpt\"><p>Einen Gast mit gleich zwei Voraussetzungen f\u00fcr das Thema \u201eDeutschlands gewachsene Verantwortung in der Welt\u201c konnte Sektionsleiter Michael Trost bei der Gesellschaft f\u00fcr Sicherheitspolitik (GSP) Fulda zu Vortrag und Diskussion in Bronnzell begr\u00fc\u00dfen: der heimische Wahlkreisabgeordnete Michael Brand ist in Berlin unter anderem Mitglied im Verteidigungsausschuss, und zudem Vorsitzender des Ausschusses f\u00fcr Menschenrechte und humanit\u00e4re &hellip;<\/p>\n<\/div>","protected":false},"author":1,"featured_media":139112,"comment_status":"closed","ping_status":"closed","sticky":false,"template":"","format":"standard","meta":{"footnotes":""},"categories":[1,29],"tags":[],"class_list":["post-139109","post","type-post","status-publish","format-standard","has-post-thumbnail","hentry","category-startseite","category-politik"],"_links":{"self":[{"href":"https:\/\/www.fuldaernachrichten.de\/index.php?rest_route=\/wp\/v2\/posts\/139109","targetHints":{"allow":["GET"]}}],"collection":[{"href":"https:\/\/www.fuldaernachrichten.de\/index.php?rest_route=\/wp\/v2\/posts"}],"about":[{"href":"https:\/\/www.fuldaernachrichten.de\/index.php?rest_route=\/wp\/v2\/types\/post"}],"author":[{"embeddable":true,"href":"https:\/\/www.fuldaernachrichten.de\/index.php?rest_route=\/wp\/v2\/users\/1"}],"replies":[{"embeddable":true,"href":"https:\/\/www.fuldaernachrichten.de\/index.php?rest_route=%2Fwp%2Fv2%2Fcomments&post=139109"}],"version-history":[{"count":1,"href":"https:\/\/www.fuldaernachrichten.de\/index.php?rest_route=\/wp\/v2\/posts\/139109\/revisions"}],"predecessor-version":[{"id":139113,"href":"https:\/\/www.fuldaernachrichten.de\/index.php?rest_route=\/wp\/v2\/posts\/139109\/revisions\/139113"}],"wp:featuredmedia":[{"embeddable":true,"href":"https:\/\/www.fuldaernachrichten.de\/index.php?rest_route=\/wp\/v2\/media\/139112"}],"wp:attachment":[{"href":"https:\/\/www.fuldaernachrichten.de\/index.php?rest_route=%2Fwp%2Fv2%2Fmedia&parent=139109"}],"wp:term":[{"taxonomy":"category","embeddable":true,"href":"https:\/\/www.fuldaernachrichten.de\/index.php?rest_route=%2Fwp%2Fv2%2Fcategories&post=139109"},{"taxonomy":"post_tag","embeddable":true,"href":"https:\/\/www.fuldaernachrichten.de\/index.php?rest_route=%2Fwp%2Fv2%2Ftags&post=139109"}],"curies":[{"name":"wp","href":"https:\/\/api.w.org\/{rel}","templated":true}]}}