{"id":1391,"date":"2007-02-06T00:02:46","date_gmt":"2007-02-05T23:02:46","guid":{"rendered":"http:\/\/www.schoene-nachrichten.de\/?p=1391"},"modified":"2007-02-06T00:03:21","modified_gmt":"2007-02-05T23:03:21","slug":"passionskonzert-im-fuldaer-dom","status":"publish","type":"post","link":"https:\/\/www.fuldaernachrichten.de\/?p=1391","title":{"rendered":"Passionskonzert im Fuldaer Dom"},"content":{"rendered":"<p><strong>Sch\u00f6nes aus\u00c2\u00a0Fulda.<\/strong>\u00c2\u00a0Im Jahre seines 300. Todestages wird das Werk zur Passionszeit \u201eMembra Jesu Nostri\u201c von Dietrich Buxtehude f\u00fcr 5-stimmigen Chor, Soli und Orchester im Fuldaer Dom zu h\u00f6ren sein.<\/p>\n<p><!--more-->Das Konzert findet am Freitag, 23. M\u00e4rz, sowohl um 18 Uhr als auch um 20.30 Uhr im Hochchor des Fuldaer Domes statt. Ausf\u00fchrende sind Gesangssolisten, das Barockorchester L`arpa festante und das Vokalensemble der Ch\u00f6re am Fuldaer Dom Capella Cathedralis Fulda unter Leitung von Domkapellmeister Franz-Peter Huber.<\/p>\n<p>Wie die Bisch\u00f6fliche Pressestelle mitteilt, gibt es Karten f\u00fcr diese Konzerte bereits ab Montag, 12. Februar zum Preis von 15 Euro (Sch\u00fcler, Studenten, Auszubildende 9 Euro) beim Sekretariat der Ch\u00f6re am Fuldaer Dom, Eduard-Schick-Platz 3, Tel. 0661\/87-390, Fax: 0661\/87-410, E-Mail: <a href=\"mailto:choere-am-dom@bistum-fulda.de\">choere-am-dom@bistum-fulda.de<\/a>.<\/p>\n","protected":false},"excerpt":{"rendered":"<div class=\"tmnf_excerpt\"><p>Sch\u00f6nes aus\u00c2\u00a0Fulda.\u00c2\u00a0Im Jahre seines 300. Todestages wird das Werk zur Passionszeit \u201eMembra Jesu Nostri\u201c von Dietrich Buxtehude f\u00fcr 5-stimmigen Chor, Soli und Orchester im Fuldaer Dom zu h\u00f6ren sein.<\/p>\n<\/div>","protected":false},"author":1,"featured_media":0,"comment_status":"closed","ping_status":"closed","sticky":false,"template":"","format":"standard","meta":{"footnotes":""},"categories":[1,50,44],"tags":[],"class_list":["post-1391","post","type-post","status-publish","format-standard","hentry","category-startseite","category-kirche","category-kultur"],"_links":{"self":[{"href":"https:\/\/www.fuldaernachrichten.de\/index.php?rest_route=\/wp\/v2\/posts\/1391","targetHints":{"allow":["GET"]}}],"collection":[{"href":"https:\/\/www.fuldaernachrichten.de\/index.php?rest_route=\/wp\/v2\/posts"}],"about":[{"href":"https:\/\/www.fuldaernachrichten.de\/index.php?rest_route=\/wp\/v2\/types\/post"}],"author":[{"embeddable":true,"href":"https:\/\/www.fuldaernachrichten.de\/index.php?rest_route=\/wp\/v2\/users\/1"}],"replies":[{"embeddable":true,"href":"https:\/\/www.fuldaernachrichten.de\/index.php?rest_route=%2Fwp%2Fv2%2Fcomments&post=1391"}],"version-history":[{"count":0,"href":"https:\/\/www.fuldaernachrichten.de\/index.php?rest_route=\/wp\/v2\/posts\/1391\/revisions"}],"wp:attachment":[{"href":"https:\/\/www.fuldaernachrichten.de\/index.php?rest_route=%2Fwp%2Fv2%2Fmedia&parent=1391"}],"wp:term":[{"taxonomy":"category","embeddable":true,"href":"https:\/\/www.fuldaernachrichten.de\/index.php?rest_route=%2Fwp%2Fv2%2Fcategories&post=1391"},{"taxonomy":"post_tag","embeddable":true,"href":"https:\/\/www.fuldaernachrichten.de\/index.php?rest_route=%2Fwp%2Fv2%2Ftags&post=1391"}],"curies":[{"name":"wp","href":"https:\/\/api.w.org\/{rel}","templated":true}]}}