{"id":139081,"date":"2015-05-29T08:53:06","date_gmt":"2015-05-29T06:53:06","guid":{"rendered":"http:\/\/www.fuldaer-nachrichten.de\/?p=139081"},"modified":"2015-05-29T08:53:06","modified_gmt":"2015-05-29T06:53:06","slug":"caritas-chor-65-plus-vorbereitung-auf-naechsten-auftritt","status":"publish","type":"post","link":"https:\/\/www.fuldaernachrichten.de\/?p=139081","title":{"rendered":"Caritas-Chor 65 plus: Vorbereitung auf n\u00e4chsten Auftritt"},"content":{"rendered":"<p>\u201eEin eigener Chor f\u00fcr die Caritas ist in jeder Hinsicht ein Gl\u00fccksfall\u201c, erl\u00e4utert Di\u00f6zesan-Caritasdirektor Dr. Markus Juch. \u201eSeit seiner Gr\u00fcndung vor f\u00fcnf Jahren versch\u00f6nert unser Caritas-Chor 65 plus regelm\u00e4\u00dfig die wichtigen Caritas-Veranstaltungen wie zum Beispiel die j\u00e4hrlichen Festakte zur Verleihung des Elisabeth-Preises. Wir sind froh und dankbar, dass wir den Chor haben und werden dieses Jahr mit ihm auch noch seinen f\u00fcnften Geburtstag geb\u00fchrend feiern!\u201c<\/p>\n<p>Zun\u00e4chst jedoch \u00fcbt das Sangesensemble seit dieser Woche wieder jeden Dienstag-Nachmittag in der Caritas-Altentagesst\u00e4tte in der Kanalstra\u00dfe 1a f\u00fcr einen Auftritt im Fuldaer Altenpflegeheim St. Josef in der Buseckstra\u00dfe. \u201eDort gibt es am 27. Juni ein Sommerfest, mit dem die Einrichtung ihr zehnj\u00e4hriges Jubil\u00e4um am neuen Standort feiert\u201c, berichtet Armin Schomberg, dessen Ressort Soziale Dienste\/Gemeindecaritas im Verband den Chor betreut. \u201eChorsingen ist ein ganz besonderes Ehrenamt bei der Caritas; die S\u00e4ngerinnen und S\u00e4nger investieren unter der Leitung von Sr. Hildegard Wolters viel Freizeit und Energie, damit ihre Auftritte gelingen und den Veranstaltungen und Gottesdiensten einen w\u00fcrdigen Rahmen geben.\u201c Durch Gesang erfreue man andere Menschen, umso h\u00f6her sei der Wert eines Choreinsatzes etwa im Altenpflegeheim zu bemessen. \u201eUnd wenn Seniorinnen und Senioren Lust haben mitzusingen, Einsteigen ist immer m\u00f6glich!\u201c<\/p>\n<p>Genauere Infos zum Caritas-Chor und zu den Proben erhalten Interessierte unverbindlich unter Tel. 0661 \/ 2428-111 (Janine Altmann).<\/p>\n","protected":false},"excerpt":{"rendered":"<div class=\"tmnf_excerpt\"><p>\u201eEin eigener Chor f\u00fcr die Caritas ist in jeder Hinsicht ein Gl\u00fccksfall\u201c, erl\u00e4utert Di\u00f6zesan-Caritasdirektor Dr. Markus Juch. \u201eSeit seiner Gr\u00fcndung vor f\u00fcnf Jahren versch\u00f6nert unser Caritas-Chor 65 plus regelm\u00e4\u00dfig die wichtigen Caritas-Veranstaltungen wie zum Beispiel die j\u00e4hrlichen Festakte zur Verleihung des Elisabeth-Preises. Wir sind froh und dankbar, dass wir den Chor haben und werden dieses &hellip;<\/p>\n<\/div>","protected":false},"author":1,"featured_media":139082,"comment_status":"closed","ping_status":"closed","sticky":false,"template":"","format":"standard","meta":{"footnotes":""},"categories":[1,50],"tags":[],"class_list":["post-139081","post","type-post","status-publish","format-standard","has-post-thumbnail","hentry","category-startseite","category-kirche"],"_links":{"self":[{"href":"https:\/\/www.fuldaernachrichten.de\/index.php?rest_route=\/wp\/v2\/posts\/139081","targetHints":{"allow":["GET"]}}],"collection":[{"href":"https:\/\/www.fuldaernachrichten.de\/index.php?rest_route=\/wp\/v2\/posts"}],"about":[{"href":"https:\/\/www.fuldaernachrichten.de\/index.php?rest_route=\/wp\/v2\/types\/post"}],"author":[{"embeddable":true,"href":"https:\/\/www.fuldaernachrichten.de\/index.php?rest_route=\/wp\/v2\/users\/1"}],"replies":[{"embeddable":true,"href":"https:\/\/www.fuldaernachrichten.de\/index.php?rest_route=%2Fwp%2Fv2%2Fcomments&post=139081"}],"version-history":[{"count":1,"href":"https:\/\/www.fuldaernachrichten.de\/index.php?rest_route=\/wp\/v2\/posts\/139081\/revisions"}],"predecessor-version":[{"id":139083,"href":"https:\/\/www.fuldaernachrichten.de\/index.php?rest_route=\/wp\/v2\/posts\/139081\/revisions\/139083"}],"wp:featuredmedia":[{"embeddable":true,"href":"https:\/\/www.fuldaernachrichten.de\/index.php?rest_route=\/wp\/v2\/media\/139082"}],"wp:attachment":[{"href":"https:\/\/www.fuldaernachrichten.de\/index.php?rest_route=%2Fwp%2Fv2%2Fmedia&parent=139081"}],"wp:term":[{"taxonomy":"category","embeddable":true,"href":"https:\/\/www.fuldaernachrichten.de\/index.php?rest_route=%2Fwp%2Fv2%2Fcategories&post=139081"},{"taxonomy":"post_tag","embeddable":true,"href":"https:\/\/www.fuldaernachrichten.de\/index.php?rest_route=%2Fwp%2Fv2%2Ftags&post=139081"}],"curies":[{"name":"wp","href":"https:\/\/api.w.org\/{rel}","templated":true}]}}