{"id":139073,"date":"2015-05-28T16:45:41","date_gmt":"2015-05-28T14:45:41","guid":{"rendered":"http:\/\/www.fuldaer-nachrichten.de\/?p=139073"},"modified":"2015-05-28T16:45:41","modified_gmt":"2015-05-28T14:45:41","slug":"orgelmatinee-mit-daniel-zaretsky-am-6-juni-um-12-05-uhr-im-fuldaer-dom","status":"publish","type":"post","link":"https:\/\/www.fuldaernachrichten.de\/?p=139073","title":{"rendered":"Orgelmatinee mit Daniel Zaretsky am 6. Juni um 12.05 Uhr, im Fuldaer Dom"},"content":{"rendered":"<p>Am Vortag des Bonifatiusfestes, am 6. Juni, wird Daniel Zaretsky, unser Gast aus St. Petersberg, die Orgelmatinee im Fuldaer Dom von 12.05 bis 12.35 Uhr gestalten. Wie seit Jahren \u00fcblich, finden auch im Juni an jedem Samstag die beliebten Orgelmatineen im Fuldaer Dom statt. Der bekannte russische Organist pr\u00e4sentiert \u00fcberwiegend Werke des deutschen Barock. So kommt der ber\u00fchmte Lehrer von Johann Sebastian Bach, Georg B\u00f6hm, der in L\u00fcneburg gewirkt hatte mit drei Werken ausf\u00fchrlich zur Geltung. Nach Praeludium, Vater unser und einer Choralpartita erklingt Praeludium und Fuge von Johann Sebastian Bach. Zum Abschluss der Matinee pr\u00e4sentiert Zaretsky die Toccata des unbekannteren Komponisten Georgi Muschel.<\/p>\n","protected":false},"excerpt":{"rendered":"<div class=\"tmnf_excerpt\"><p>Am Vortag des Bonifatiusfestes, am 6. Juni, wird Daniel Zaretsky, unser Gast aus St. Petersberg, die Orgelmatinee im Fuldaer Dom von 12.05 bis 12.35 Uhr gestalten. Wie seit Jahren \u00fcblich, finden auch im Juni an jedem Samstag die beliebten Orgelmatineen im Fuldaer Dom statt. Der bekannte russische Organist pr\u00e4sentiert \u00fcberwiegend Werke des deutschen Barock. So &hellip;<\/p>\n<\/div>","protected":false},"author":1,"featured_media":139076,"comment_status":"closed","ping_status":"closed","sticky":false,"template":"","format":"standard","meta":{"footnotes":""},"categories":[1,50],"tags":[],"class_list":["post-139073","post","type-post","status-publish","format-standard","has-post-thumbnail","hentry","category-startseite","category-kirche"],"_links":{"self":[{"href":"https:\/\/www.fuldaernachrichten.de\/index.php?rest_route=\/wp\/v2\/posts\/139073","targetHints":{"allow":["GET"]}}],"collection":[{"href":"https:\/\/www.fuldaernachrichten.de\/index.php?rest_route=\/wp\/v2\/posts"}],"about":[{"href":"https:\/\/www.fuldaernachrichten.de\/index.php?rest_route=\/wp\/v2\/types\/post"}],"author":[{"embeddable":true,"href":"https:\/\/www.fuldaernachrichten.de\/index.php?rest_route=\/wp\/v2\/users\/1"}],"replies":[{"embeddable":true,"href":"https:\/\/www.fuldaernachrichten.de\/index.php?rest_route=%2Fwp%2Fv2%2Fcomments&post=139073"}],"version-history":[{"count":1,"href":"https:\/\/www.fuldaernachrichten.de\/index.php?rest_route=\/wp\/v2\/posts\/139073\/revisions"}],"predecessor-version":[{"id":139077,"href":"https:\/\/www.fuldaernachrichten.de\/index.php?rest_route=\/wp\/v2\/posts\/139073\/revisions\/139077"}],"wp:featuredmedia":[{"embeddable":true,"href":"https:\/\/www.fuldaernachrichten.de\/index.php?rest_route=\/wp\/v2\/media\/139076"}],"wp:attachment":[{"href":"https:\/\/www.fuldaernachrichten.de\/index.php?rest_route=%2Fwp%2Fv2%2Fmedia&parent=139073"}],"wp:term":[{"taxonomy":"category","embeddable":true,"href":"https:\/\/www.fuldaernachrichten.de\/index.php?rest_route=%2Fwp%2Fv2%2Fcategories&post=139073"},{"taxonomy":"post_tag","embeddable":true,"href":"https:\/\/www.fuldaernachrichten.de\/index.php?rest_route=%2Fwp%2Fv2%2Ftags&post=139073"}],"curies":[{"name":"wp","href":"https:\/\/api.w.org\/{rel}","templated":true}]}}