{"id":139070,"date":"2015-05-28T16:44:04","date_gmt":"2015-05-28T14:44:04","guid":{"rendered":"http:\/\/www.fuldaer-nachrichten.de\/?p=139070"},"modified":"2015-05-28T16:44:04","modified_gmt":"2015-05-28T14:44:04","slug":"zum-weltnichtrauchertag-am-31-mai-mit-e-health-gegen-den-glimmstaengel-ankaempfen","status":"publish","type":"post","link":"https:\/\/www.fuldaernachrichten.de\/?p=139070","title":{"rendered":"Zum Weltnichtrauchertag am 31. Mai: Mit E-Health gegen den Glimmst\u00e4ngel ank\u00e4mpfen"},"content":{"rendered":"<p>80 Prozent der Hessinnen und 73 Prozent der Hessen sind Nichtraucher. Das hat das Hessische Statistische Landesamt heute Vormittag gemeldet. &#8220;Diese hohen Zahlen sind sehr erfreulich&#8221;, sagt Dr. Barbara Vo\u00df, Leiterin der hessischen Landesvertretung der Techniker Krankenkasse (TK). Die TK hilft ihren Versicherten bereits seit fast zehn Jahren mit dem Rauchen aufzuh\u00f6ren &#8211; und zwar mit einem digitalen Nichtraucher-Coach. Ca. 70.500 Menschen sind den Kampf gegen den Glimmst\u00e4ngel mit dem internetbasierten Programm bisher angetreten.<\/p>\n<p>Die rege Beteiligung am TK-Nichtraucher-Coach zeigt, wie wertvoll telemedizinische Angebote sind. Vor diesem Hintergrund unterst\u00fctzt die TK das geplante E-Health-Gesetz, das Ende der kommenden Woche im Bundeskabinett beschlossen werden soll. &#8220;Wir sind davon \u00fcberzeugt, dass E-Health und digitale Innovationen gro\u00dfe Chancen bieten, die medizinische Versorgung effizienter zu gestalten&#8221;, so Vo\u00df. Au\u00dferdem m\u00fcsse die gesundheitliche Versorgung der Lebenswirklichkeit der Menschen folgen. &#8220;Das Wichtigste ist aber: Die digitalen Angebote versetzen die Versicherten in die Lage, mehr Verantwortung f\u00fcr sich und ihre Gesundheit zu \u00fcbernehmen.&#8221;<\/p>\n<p>Hintergrund<br \/>\nDer Nichtraucher-Coach der TK analysiert, welcher Rauchertyp der Betroffene ist, wie hoch sein Abh\u00e4ngigkeitsgrad ist und wie seine Lebensumst\u00e4nde aussehen. Unter Ber\u00fccksichtigung dieser drei Faktoren gestaltet der Coach Empfehlungen individuell. Nach dem Abklingen der Entzugserscheinungen hilft das Programm dabei, einen gesunden Lebensstil zu entwickeln. Der Coach rechnet au\u00dferdem mit, wie viel Geld der Raucher seit dem Nikotinstopp gespart hat. Mehr Infos gibt es unter: http:\/\/www.tk.de\/tk\/480266.<\/p>\n","protected":false},"excerpt":{"rendered":"<div class=\"tmnf_excerpt\"><p>80 Prozent der Hessinnen und 73 Prozent der Hessen sind Nichtraucher. Das hat das Hessische Statistische Landesamt heute Vormittag gemeldet. &#8220;Diese hohen Zahlen sind sehr erfreulich&#8221;, sagt Dr. Barbara Vo\u00df, Leiterin der hessischen Landesvertretung der Techniker Krankenkasse (TK). Die TK hilft ihren Versicherten bereits seit fast zehn Jahren mit dem Rauchen aufzuh\u00f6ren &#8211; und zwar &hellip;<\/p>\n<\/div>","protected":false},"author":1,"featured_media":0,"comment_status":"closed","ping_status":"closed","sticky":false,"template":"","format":"standard","meta":{"footnotes":""},"categories":[1,51],"tags":[],"class_list":["post-139070","post","type-post","status-publish","format-standard","hentry","category-startseite","category-medizin"],"_links":{"self":[{"href":"https:\/\/www.fuldaernachrichten.de\/index.php?rest_route=\/wp\/v2\/posts\/139070","targetHints":{"allow":["GET"]}}],"collection":[{"href":"https:\/\/www.fuldaernachrichten.de\/index.php?rest_route=\/wp\/v2\/posts"}],"about":[{"href":"https:\/\/www.fuldaernachrichten.de\/index.php?rest_route=\/wp\/v2\/types\/post"}],"author":[{"embeddable":true,"href":"https:\/\/www.fuldaernachrichten.de\/index.php?rest_route=\/wp\/v2\/users\/1"}],"replies":[{"embeddable":true,"href":"https:\/\/www.fuldaernachrichten.de\/index.php?rest_route=%2Fwp%2Fv2%2Fcomments&post=139070"}],"version-history":[{"count":1,"href":"https:\/\/www.fuldaernachrichten.de\/index.php?rest_route=\/wp\/v2\/posts\/139070\/revisions"}],"predecessor-version":[{"id":139071,"href":"https:\/\/www.fuldaernachrichten.de\/index.php?rest_route=\/wp\/v2\/posts\/139070\/revisions\/139071"}],"wp:attachment":[{"href":"https:\/\/www.fuldaernachrichten.de\/index.php?rest_route=%2Fwp%2Fv2%2Fmedia&parent=139070"}],"wp:term":[{"taxonomy":"category","embeddable":true,"href":"https:\/\/www.fuldaernachrichten.de\/index.php?rest_route=%2Fwp%2Fv2%2Fcategories&post=139070"},{"taxonomy":"post_tag","embeddable":true,"href":"https:\/\/www.fuldaernachrichten.de\/index.php?rest_route=%2Fwp%2Fv2%2Ftags&post=139070"}],"curies":[{"name":"wp","href":"https:\/\/api.w.org\/{rel}","templated":true}]}}