{"id":139053,"date":"2015-05-28T16:39:32","date_gmt":"2015-05-28T14:39:32","guid":{"rendered":"http:\/\/www.fuldaer-nachrichten.de\/?p=139053"},"modified":"2015-05-28T16:39:32","modified_gmt":"2015-05-28T14:39:32","slug":"hilfe-fuer-nepal-dringender-denn-je-kkv-ruft-zu-weiteren-spenden-auf-kooperation-mit-caritas-international","status":"publish","type":"post","link":"https:\/\/www.fuldaernachrichten.de\/?p=139053","title":{"rendered":"\u201eHilfe f\u00fcr Nepal dringender denn je\u201c \u2013 KKV ruft zu weiteren Spenden auf \u2013 Kooperation mit Caritas international"},"content":{"rendered":"<p>\u201eAuch wenn das Erdbeben in Nepal und seine katastrophalen Folgen den Medien keine Schlagzeilen mehr wert sind, die Not, insbesondere nach dem schweren Nachbeben 18 Tage sp\u00e4ter, l\u00e4sst die Menschen dort fast verzweifeln. Vor allem in den abgelegenen Bergregionen ist die Lage noch immer verheerend. Caritas-Helfer berichten von komplett zerst\u00f6rten Siedlungen \u2013 und von Tausenden von Menschen, die alles verloren haben.\u201c Mit diesen Worten erinnert Bernd-M. Wehner, geb\u00fcrtiger Fuldaer Bundesvorsitzender des KKV, Verband der Katholiken in Wirtschaft und Verwaltung, an die auch weiterhin bestehende riesige Not der Menschen in Nepal. Anl\u00e4sslich des KKV-Bundesverbandstages in Arnsberg-Neheim vor knapp zwei Wochen hatten die Mitglieder des KKV bereits knapp 900\u00c2\u00a0 Euro in den jeweiligen Gottesdiensten f\u00fcr die Erdbebenhilfe gespendet.<\/p>\n<p>Und weil die Katastrophe mal wieder die \u00c4rmsten der Armen treffe, ruft der KKV-Bundesverband in Kooperation mit Caritas international seine Mitglieder aber auch die Bev\u00f6lkerung in Deutschland dazu auf, durch eine gro\u00dfz\u00fcgige Spende die kaum vorstellbare Not zu lindern. \u201eBitte helfen Sie den betroffenen Menschen in Nepal, sorgen Sie f\u00fcr das \u00dcberleben der Erdbebenopfer und deren Familien, f\u00fcr ein Dach \u00fcber dem Kopf und f\u00fcr die lange Zeit danach, wenn Caritas-Mitarbeiter helfen, das Trauma dieses f\u00fcrchterlichen Bebens zu verarbeiten.\u201c So der gemeinsame und dringende Appell des Pr\u00e4sidenten des Deutschen Caritasverbandes, Pr\u00e4lat Dr. Peter Neher, und des KKV-Bundesvorsitzenden, Bernd-M. Wehner.<\/p>\n<p>Spenden werden erbeten auf das Caritas Spendenkonto 202 bei der Bank f\u00fcr Gemeinwirtschaft Karlsruhe, BLZ 660 205 00, IBAN-Nr.: DE88 6602 05000020 2020 02, BIC: BFSWDE33KRL oder online unter: www.caritas-international.de&lt;https:\/\/www.caritas-international.de\/spenden.aspx?id=A0141M004&gt; &#8211; Stichwort: KKV\/Erdbebenhilfe Nepal.<\/p>\n<p>Und so rettet Ihre Spende Leben:<br \/>\n40 Euro kosten Decken, ausreichend f\u00fcr eine f\u00fcnfk\u00f6pfige Familie<br \/>\n70 Euro f\u00fcr Arzneimittel und Verbandsmaterial f\u00fcr 10 Personen oder<br \/>\n120 Euro f\u00fcr ein Zelt, gro\u00df genug f\u00fcr die Unterkunft einer Familie.<br \/>\nDer Deutsche Caritasverband mit seinem Hilfswerk Caritas international sorgt daf\u00fcr, dass das dringend ben\u00f6tigte Material ins Land kommt. Gleichzeitig k\u00fcmmert er sich besonders um die Menschen in den Bergregionen, die stark betroffen und schwer zu erreichen sind.<\/p>\n<p>Weitere Infos, wie Caritas international hilft, finden Sie unter http:\/\/www.caritas-international.de\/hilfeweltweit\/asien\/nepal\/jede-hilfe-zaehlt.<\/p>\n<p>Der Bundesverband der Katholiken in Wirtschaft und Verwaltung e.V. ist ein katholischer Sozialverband mit rund 80 Ortsgemeinschaften in ganz Deutschland. Informationen zum KKV erhalten Sie im Internet unter www.kkv-bund.de, oder unter 0201 87923 \u2013 0.<\/p>\n","protected":false},"excerpt":{"rendered":"<div class=\"tmnf_excerpt\"><p>\u201eAuch wenn das Erdbeben in Nepal und seine katastrophalen Folgen den Medien keine Schlagzeilen mehr wert sind, die Not, insbesondere nach dem schweren Nachbeben 18 Tage sp\u00e4ter, l\u00e4sst die Menschen dort fast verzweifeln. Vor allem in den abgelegenen Bergregionen ist die Lage noch immer verheerend. Caritas-Helfer berichten von komplett zerst\u00f6rten Siedlungen \u2013 und von Tausenden &hellip;<\/p>\n<\/div>","protected":false},"author":1,"featured_media":139054,"comment_status":"closed","ping_status":"closed","sticky":false,"template":"","format":"standard","meta":{"footnotes":""},"categories":[1,50],"tags":[],"class_list":["post-139053","post","type-post","status-publish","format-standard","has-post-thumbnail","hentry","category-startseite","category-kirche"],"_links":{"self":[{"href":"https:\/\/www.fuldaernachrichten.de\/index.php?rest_route=\/wp\/v2\/posts\/139053","targetHints":{"allow":["GET"]}}],"collection":[{"href":"https:\/\/www.fuldaernachrichten.de\/index.php?rest_route=\/wp\/v2\/posts"}],"about":[{"href":"https:\/\/www.fuldaernachrichten.de\/index.php?rest_route=\/wp\/v2\/types\/post"}],"author":[{"embeddable":true,"href":"https:\/\/www.fuldaernachrichten.de\/index.php?rest_route=\/wp\/v2\/users\/1"}],"replies":[{"embeddable":true,"href":"https:\/\/www.fuldaernachrichten.de\/index.php?rest_route=%2Fwp%2Fv2%2Fcomments&post=139053"}],"version-history":[{"count":1,"href":"https:\/\/www.fuldaernachrichten.de\/index.php?rest_route=\/wp\/v2\/posts\/139053\/revisions"}],"predecessor-version":[{"id":139055,"href":"https:\/\/www.fuldaernachrichten.de\/index.php?rest_route=\/wp\/v2\/posts\/139053\/revisions\/139055"}],"wp:featuredmedia":[{"embeddable":true,"href":"https:\/\/www.fuldaernachrichten.de\/index.php?rest_route=\/wp\/v2\/media\/139054"}],"wp:attachment":[{"href":"https:\/\/www.fuldaernachrichten.de\/index.php?rest_route=%2Fwp%2Fv2%2Fmedia&parent=139053"}],"wp:term":[{"taxonomy":"category","embeddable":true,"href":"https:\/\/www.fuldaernachrichten.de\/index.php?rest_route=%2Fwp%2Fv2%2Fcategories&post=139053"},{"taxonomy":"post_tag","embeddable":true,"href":"https:\/\/www.fuldaernachrichten.de\/index.php?rest_route=%2Fwp%2Fv2%2Ftags&post=139053"}],"curies":[{"name":"wp","href":"https:\/\/api.w.org\/{rel}","templated":true}]}}