{"id":139022,"date":"2015-05-27T20:17:38","date_gmt":"2015-05-27T18:17:38","guid":{"rendered":"http:\/\/www.fuldaer-nachrichten.de\/?p=139022"},"modified":"2015-05-27T20:17:38","modified_gmt":"2015-05-27T18:17:38","slug":"jugendbildungswerk-des-landkreises-fulda-fahrt-zu-bad-hersfelder-festspielen","status":"publish","type":"post","link":"https:\/\/www.fuldaernachrichten.de\/?p=139022","title":{"rendered":"Jugendbildungswerk des Landkreises Fulda: Fahrt zu Bad Hersfelder Festspielen"},"content":{"rendered":"<p>Das Jugendbildungswerk des Landkreises Fulda bietet am Freitag, 17. Juli, f\u00fcr Jugendliche von 15 bis 18 Jahren eine Fahrt zu den Bad Hersfelder Festspielen zur Auff\u00fchrung des Musicals \u201eCabaret\u201c an. Die Teilnahmegeb\u00fchr einschlie\u00dflich Fahrtkosten und Eintritt betr\u00e4gt 21 Euro. Anfragen und Anmeldung unter Telefon (0661)6006-498 oder -427, E-Mail jugend@landkreis-fulda.de. Online-Anmeldungen unter www.landkreis-fulda.de.<\/p>\n","protected":false},"excerpt":{"rendered":"<div class=\"tmnf_excerpt\"><p>Das Jugendbildungswerk des Landkreises Fulda bietet am Freitag, 17. Juli, f\u00fcr Jugendliche von 15 bis 18 Jahren eine Fahrt zu den Bad Hersfelder Festspielen zur Auff\u00fchrung des Musicals \u201eCabaret\u201c an. Die Teilnahmegeb\u00fchr einschlie\u00dflich Fahrtkosten und Eintritt betr\u00e4gt 21 Euro. Anfragen und Anmeldung unter Telefon (0661)6006-498 oder -427, E-Mail jugend@landkreis-fulda.de. Online-Anmeldungen unter www.landkreis-fulda.de.<\/p>\n<\/div>","protected":false},"author":1,"featured_media":0,"comment_status":"closed","ping_status":"closed","sticky":false,"template":"","format":"standard","meta":{"footnotes":""},"categories":[1],"tags":[],"class_list":["post-139022","post","type-post","status-publish","format-standard","hentry","category-startseite"],"_links":{"self":[{"href":"https:\/\/www.fuldaernachrichten.de\/index.php?rest_route=\/wp\/v2\/posts\/139022","targetHints":{"allow":["GET"]}}],"collection":[{"href":"https:\/\/www.fuldaernachrichten.de\/index.php?rest_route=\/wp\/v2\/posts"}],"about":[{"href":"https:\/\/www.fuldaernachrichten.de\/index.php?rest_route=\/wp\/v2\/types\/post"}],"author":[{"embeddable":true,"href":"https:\/\/www.fuldaernachrichten.de\/index.php?rest_route=\/wp\/v2\/users\/1"}],"replies":[{"embeddable":true,"href":"https:\/\/www.fuldaernachrichten.de\/index.php?rest_route=%2Fwp%2Fv2%2Fcomments&post=139022"}],"version-history":[{"count":1,"href":"https:\/\/www.fuldaernachrichten.de\/index.php?rest_route=\/wp\/v2\/posts\/139022\/revisions"}],"predecessor-version":[{"id":139023,"href":"https:\/\/www.fuldaernachrichten.de\/index.php?rest_route=\/wp\/v2\/posts\/139022\/revisions\/139023"}],"wp:attachment":[{"href":"https:\/\/www.fuldaernachrichten.de\/index.php?rest_route=%2Fwp%2Fv2%2Fmedia&parent=139022"}],"wp:term":[{"taxonomy":"category","embeddable":true,"href":"https:\/\/www.fuldaernachrichten.de\/index.php?rest_route=%2Fwp%2Fv2%2Fcategories&post=139022"},{"taxonomy":"post_tag","embeddable":true,"href":"https:\/\/www.fuldaernachrichten.de\/index.php?rest_route=%2Fwp%2Fv2%2Ftags&post=139022"}],"curies":[{"name":"wp","href":"https:\/\/api.w.org\/{rel}","templated":true}]}}