{"id":1390,"date":"2007-02-06T12:00:11","date_gmt":"2007-02-06T11:00:11","guid":{"rendered":"http:\/\/www.schoene-nachrichten.de\/?p=1390"},"modified":"2007-02-06T12:03:30","modified_gmt":"2007-02-06T11:03:30","slug":"regionaler-jugendkongress-am-10-maerz-in-kuenzell","status":"publish","type":"post","link":"https:\/\/www.fuldaernachrichten.de\/?p=1390","title":{"rendered":"Regionaler Jugendkongress am 10. M\u00e4rz in K\u00fcnzell"},"content":{"rendered":"<p><strong>Sch\u00f6nes aus K\u00fcnzell.<\/strong> Im Rahmen der Veranstaltungsreihe der \u201eRegionalen Jugendkongresse im Bistum Fulda\u201c laden das Bisch\u00f6fliche Jugendamt, der BDKJ-Di\u00f6zesanverband, die Regionalstellen f\u00fcr Jugendbildung und der Katholikenrat alle interessierten Jugendlichen und Verantwortlichen in der Jugendarbeit am 10. M\u00e4rz ab 9 Uhr in das Thomas-Morus-Haus (Keuloser Stra\u00dfe, neben der Kirche) nach K\u00fcnzell ein.<\/p>\n<p><!--more-->In Workshops und Arbeitsgruppen sollen an diesem Tag mit Jugendpfarrer Sebastian Bl\u00fcmel die Probleme der Jugendarbeit in der Region diskutiert und bearbeitet werden. Die Teilnehmer formulieren Anfragen und konkrete Auftr\u00e4ge an die Jugendarbeit im Bistum Fulda, die Regionalstellen und den Bund der Deutschen Katholischen Jugend (BDKJ). Am Ende des Tages werden die Arbeitsergebnisse direkt an die Bistumsleitung \u00fcbergeben.(bpf)<\/p>\n","protected":false},"excerpt":{"rendered":"<div class=\"tmnf_excerpt\"><p>Sch\u00f6nes aus K\u00fcnzell. Im Rahmen der Veranstaltungsreihe der \u201eRegionalen Jugendkongresse im Bistum Fulda\u201c laden das Bisch\u00f6fliche Jugendamt, der BDKJ-Di\u00f6zesanverband, die Regionalstellen f\u00fcr Jugendbildung und der Katholikenrat alle interessierten Jugendlichen und Verantwortlichen in der Jugendarbeit am 10. M\u00e4rz ab 9 Uhr in das Thomas-Morus-Haus (Keuloser Stra\u00dfe, neben der Kirche) nach K\u00fcnzell ein.<\/p>\n<\/div>","protected":false},"author":1,"featured_media":0,"comment_status":"closed","ping_status":"closed","sticky":false,"template":"","format":"standard","meta":{"footnotes":""},"categories":[53,50],"tags":[],"class_list":["post-1390","post","type-post","status-publish","format-standard","hentry","category-bildung","category-kirche"],"_links":{"self":[{"href":"https:\/\/www.fuldaernachrichten.de\/index.php?rest_route=\/wp\/v2\/posts\/1390","targetHints":{"allow":["GET"]}}],"collection":[{"href":"https:\/\/www.fuldaernachrichten.de\/index.php?rest_route=\/wp\/v2\/posts"}],"about":[{"href":"https:\/\/www.fuldaernachrichten.de\/index.php?rest_route=\/wp\/v2\/types\/post"}],"author":[{"embeddable":true,"href":"https:\/\/www.fuldaernachrichten.de\/index.php?rest_route=\/wp\/v2\/users\/1"}],"replies":[{"embeddable":true,"href":"https:\/\/www.fuldaernachrichten.de\/index.php?rest_route=%2Fwp%2Fv2%2Fcomments&post=1390"}],"version-history":[{"count":0,"href":"https:\/\/www.fuldaernachrichten.de\/index.php?rest_route=\/wp\/v2\/posts\/1390\/revisions"}],"wp:attachment":[{"href":"https:\/\/www.fuldaernachrichten.de\/index.php?rest_route=%2Fwp%2Fv2%2Fmedia&parent=1390"}],"wp:term":[{"taxonomy":"category","embeddable":true,"href":"https:\/\/www.fuldaernachrichten.de\/index.php?rest_route=%2Fwp%2Fv2%2Fcategories&post=1390"},{"taxonomy":"post_tag","embeddable":true,"href":"https:\/\/www.fuldaernachrichten.de\/index.php?rest_route=%2Fwp%2Fv2%2Ftags&post=1390"}],"curies":[{"name":"wp","href":"https:\/\/api.w.org\/{rel}","templated":true}]}}