{"id":138995,"date":"2015-05-26T16:23:51","date_gmt":"2015-05-26T14:23:51","guid":{"rendered":"http:\/\/www.fuldaer-nachrichten.de\/?p=138995"},"modified":"2015-05-26T16:23:51","modified_gmt":"2015-05-26T14:23:51","slug":"so-koennen-fluechtlingshilfe-und-integration-klappen-ueberall","status":"publish","type":"post","link":"https:\/\/www.fuldaernachrichten.de\/?p=138995","title":{"rendered":"So k\u00f6nnen Fl\u00fcchtlingshilfe und Integration klappen. \u00dcberall."},"content":{"rendered":"<p>110 Fl\u00fcchtlinge aus Eritrea: F\u00fcr eine Kleinstadt kein unl\u00f6sbares Problem. Wenn alle, Unternehmer und Pfarrgemeinde, B\u00fcrger und Institutionen guten Willens sind mitziehen \u2013 wie in Viernheim, \u00fcber das die neue Ausgabe der Zeitschrift \u201eSozialcourage\u201c berichtet. Hier gibt es Deutschkurse und Kinderbetreuung, Praktika und \u00c4mterbegleitung. Alle sind einfach ansprechbar und hilfsbereit. Ohne falsche Erwartungen und \u00c4ngste, deshalb auch ohne Entt\u00e4uschungen, werden aus Fl\u00fcchtlingen Viernheimer.<\/p>\n<p>\u201eSozialcourage\u201c wird vom Deutschen Caritasverband gratis f\u00fcr ehrenamtlich Engagierte und Interessierte herausgegeben. Das viertelj\u00e4hrliche Magazin zeigt, wie soziale Aufgaben in Eigeninitiative gemeistert werden. Die Fuldaer Ausgabe berichtet in jedem Heft auch immer \u00fcber regionale Caritas-Themen und \u2013Projekte, stellt Einrichtungen und besondere Initiativen vor. Themen der Mai-Ausgabe sind der neue Caritas-Dienst \u201eTrauergeleit\u201c, mit dem einsame Bestattungen verhindert werden, sowie ein Bericht \u00fcber eine Caritas-Kundgebung \u201eCaritas ist bunt\u201c. Interessierte k\u00f6nnen Probehefte anfordern beim Caritasverband f\u00fcr die Di\u00f6zese Fulda, Referat \u00d6ffentlichkeitsarbeit, Wilhelmstra\u00dfe 2, 36037 Fulda, oder per Mail oeffentlichkeitsarbeit@caritas-fulda.de. Wer ehrenamtlich bei Kirche oder Caritas t\u00e4tig ist, kann auch gleich ein kostenloses Abo bestellen, das Heft kommt dann viertelj\u00e4hrlich gratis nach Hause.<\/p>\n","protected":false},"excerpt":{"rendered":"<div class=\"tmnf_excerpt\"><p>110 Fl\u00fcchtlinge aus Eritrea: F\u00fcr eine Kleinstadt kein unl\u00f6sbares Problem. Wenn alle, Unternehmer und Pfarrgemeinde, B\u00fcrger und Institutionen guten Willens sind mitziehen \u2013 wie in Viernheim, \u00fcber das die neue Ausgabe der Zeitschrift \u201eSozialcourage\u201c berichtet. Hier gibt es Deutschkurse und Kinderbetreuung, Praktika und \u00c4mterbegleitung. Alle sind einfach ansprechbar und hilfsbereit. Ohne falsche Erwartungen und \u00c4ngste, &hellip;<\/p>\n<\/div>","protected":false},"author":1,"featured_media":138998,"comment_status":"closed","ping_status":"closed","sticky":false,"template":"","format":"standard","meta":{"footnotes":""},"categories":[1,50],"tags":[],"class_list":["post-138995","post","type-post","status-publish","format-standard","has-post-thumbnail","hentry","category-startseite","category-kirche"],"_links":{"self":[{"href":"https:\/\/www.fuldaernachrichten.de\/index.php?rest_route=\/wp\/v2\/posts\/138995","targetHints":{"allow":["GET"]}}],"collection":[{"href":"https:\/\/www.fuldaernachrichten.de\/index.php?rest_route=\/wp\/v2\/posts"}],"about":[{"href":"https:\/\/www.fuldaernachrichten.de\/index.php?rest_route=\/wp\/v2\/types\/post"}],"author":[{"embeddable":true,"href":"https:\/\/www.fuldaernachrichten.de\/index.php?rest_route=\/wp\/v2\/users\/1"}],"replies":[{"embeddable":true,"href":"https:\/\/www.fuldaernachrichten.de\/index.php?rest_route=%2Fwp%2Fv2%2Fcomments&post=138995"}],"version-history":[{"count":1,"href":"https:\/\/www.fuldaernachrichten.de\/index.php?rest_route=\/wp\/v2\/posts\/138995\/revisions"}],"predecessor-version":[{"id":139000,"href":"https:\/\/www.fuldaernachrichten.de\/index.php?rest_route=\/wp\/v2\/posts\/138995\/revisions\/139000"}],"wp:featuredmedia":[{"embeddable":true,"href":"https:\/\/www.fuldaernachrichten.de\/index.php?rest_route=\/wp\/v2\/media\/138998"}],"wp:attachment":[{"href":"https:\/\/www.fuldaernachrichten.de\/index.php?rest_route=%2Fwp%2Fv2%2Fmedia&parent=138995"}],"wp:term":[{"taxonomy":"category","embeddable":true,"href":"https:\/\/www.fuldaernachrichten.de\/index.php?rest_route=%2Fwp%2Fv2%2Fcategories&post=138995"},{"taxonomy":"post_tag","embeddable":true,"href":"https:\/\/www.fuldaernachrichten.de\/index.php?rest_route=%2Fwp%2Fv2%2Ftags&post=138995"}],"curies":[{"name":"wp","href":"https:\/\/api.w.org\/{rel}","templated":true}]}}