{"id":138981,"date":"2015-05-26T16:15:02","date_gmt":"2015-05-26T14:15:02","guid":{"rendered":"http:\/\/www.fuldaer-nachrichten.de\/?p=138981"},"modified":"2015-05-26T16:15:02","modified_gmt":"2015-05-26T14:15:02","slug":"das-fuerstliche-gartenfest-rueckblick-auf-ein-gartenfest-der-lieblingsplaetze","status":"publish","type":"post","link":"https:\/\/www.fuldaernachrichten.de\/?p=138981","title":{"rendered":"Das F\u00fcrstliche Gartenfest: R\u00fcckblick auf ein Gartenfest der Lieblingspl\u00e4tze"},"content":{"rendered":"<p><a href=\"http:\/\/www.fuldaer-nachrichten.de\/wp-content\/uploads\/2015\/05\/25.5.2015-Bilanz1-Das-Fuerstliche-Gartenfest.jpg\"><img decoding=\"async\" class=\"alignleft size-thumbnail wp-image-138983\" src=\"http:\/\/www.fuldaer-nachrichten.de\/wp-content\/uploads\/2015\/05\/25.5.2015-Bilanz1-Das-Fuerstliche-Gartenfest-265x177.jpg\" alt=\"25.5.2015 Bilanz1 - Das Fuerstliche Gartenfest\" width=\"265\" height=\"177\" srcset=\"https:\/\/www.fuldaernachrichten.de\/wp-content\/uploads\/2015\/05\/25.5.2015-Bilanz1-Das-Fuerstliche-Gartenfest-265x177.jpg 265w, https:\/\/www.fuldaernachrichten.de\/wp-content\/uploads\/2015\/05\/25.5.2015-Bilanz1-Das-Fuerstliche-Gartenfest-600x400.jpg 600w, https:\/\/www.fuldaernachrichten.de\/wp-content\/uploads\/2015\/05\/25.5.2015-Bilanz1-Das-Fuerstliche-Gartenfest.jpg 900w\" sizes=\"(max-width: 265px) 100vw, 265px\" \/><\/a>Perfektes Gartenfestwetter, gut gelaunte Besucher und zufriedene Aussteller \u2013 auf diesen Nenner l\u00e4sst sich das 16. F\u00fcrstliche Gartenfest Schloss Fasanerie bringen, zu dem Donatus Landgraf von Hessen am Pfingstwochenende einlud. Insgesamt 25.400 Besucher erlebten wundersch\u00f6ne Lieblingspl\u00e4tze und genossen die festliche Atmosph\u00e4re rund um Hessens sch\u00f6nstes Barockschloss.<\/p>\n<p>&#8220;Das war ein ganz wunderbares Gartenfest&#8221;, freut sich Schirmherrin Floria Landgr\u00e4fin von Hessen. &#8220;Ein Gartenfest der Lieblingspl\u00e4tze! Unsere Aussteller haben das Sonderthema aufgegriffen und unglaublich kreativ umgesetzt. Die unterschiedlichsten kleinen und gro\u00dfen Oasen sind rund um Schloss Fasanerie entstanden.\u201c Es gab Lieblingspl\u00e4tze im luftigen Baumhaus, in den Musterg\u00e4rten, in bequemen Liegest\u00fchlen unter Obstb\u00e4umen und in sch\u00f6nen Pavillons. Zusammen mit dem Angebot an Pflanzen, den sch\u00f6nen und n\u00fctzlichen Dingen sowie den Fachvortr\u00e4gen konnte jeder seinen pers\u00f6nlichen Lieblingsplatz entdecken.<\/p>\n<p><a href=\"http:\/\/www.fuldaer-nachrichten.de\/wp-content\/uploads\/2015\/05\/25.5.2015-Bilanz2-Das-Fuerstliche-Gartenfest.jpg\"><img decoding=\"async\" class=\"alignleft size-thumbnail wp-image-138984\" src=\"http:\/\/www.fuldaer-nachrichten.de\/wp-content\/uploads\/2015\/05\/25.5.2015-Bilanz2-Das-Fuerstliche-Gartenfest-265x177.jpg\" alt=\"25.5.2015 Bilanz2 - Das Fuerstliche Gartenfest\" width=\"265\" height=\"177\" srcset=\"https:\/\/www.fuldaernachrichten.de\/wp-content\/uploads\/2015\/05\/25.5.2015-Bilanz2-Das-Fuerstliche-Gartenfest-265x177.jpg 265w, https:\/\/www.fuldaernachrichten.de\/wp-content\/uploads\/2015\/05\/25.5.2015-Bilanz2-Das-Fuerstliche-Gartenfest-600x400.jpg 600w, https:\/\/www.fuldaernachrichten.de\/wp-content\/uploads\/2015\/05\/25.5.2015-Bilanz2-Das-Fuerstliche-Gartenfest.jpg 900w\" sizes=\"(max-width: 265px) 100vw, 265px\" \/><\/a>Der Geheimtipp, das F\u00fcrstliche Gartenfest am ersten Tag zu besuchen, ist mittlerweile keiner mehr: Der Auftakt-Freitag war der besucherst\u00e4rkste Wochentag seit Gartenfestbeginn. Der Strom der Besucher am Pfingstsonntag schlie\u00dflich \u00fcbertraf alle Erwartungen. Doch Dank des Mercedes-Shuttle-Service und zus\u00e4tzlich ausgewiesenen Parkfl\u00e4chen gab es keine nennenswerten Engp\u00e4sse. Die zum Sonderthema zus\u00e4tzlich geschaffenen Sitzpl\u00e4tze wurden nicht nur am Sonntag dankbar von den Besuchern angenommen.<\/p>\n<p>Aufgrund des Wetters in diesem Fr\u00fchjahr war die Outdoor-Saison bisher nur z\u00f6gerlich er\u00f6ffnet worden. Und so lag der Termin des Gartenfestes f\u00fcr Pflanzenfreunde ideal: die Gestaltung der G\u00e4rten und Terrassen hat gerade erst begonnen. Das freute zahlreiche Gr\u00fcnaussteller \u2013 die von einem au\u00dfergew\u00f6hnlich guten Absatz berichten.<\/p>\n<p>Ein wunderbares Gartenfestwochenende erwartet Gartenliebhaber auch im n\u00e4chsten Jahr. Der Termin steht schon fest: Das F\u00fcrstliche Gartenfest Schloss Fasanerie wird wieder an Pfingsten stattfinden, und zwar vom 13.\u00c2\u00a0 bis 16. Mai 2016. Das Sonderthema stellt das Gartenland &#8220;Italien&#8221; in den Mittelpunkt.<\/p>\n<p><a href=\"http:\/\/www.fuldaer-nachrichten.de\/wp-content\/uploads\/2015\/05\/25.5.2015-Bilanz3-Das-Fuerstliche-Gartenfest.jpg\"><img decoding=\"async\" class=\"alignleft size-thumbnail wp-image-138985\" src=\"http:\/\/www.fuldaer-nachrichten.de\/wp-content\/uploads\/2015\/05\/25.5.2015-Bilanz3-Das-Fuerstliche-Gartenfest-265x177.jpg\" alt=\"25.5.2015 Bilanz3 - Das Fuerstliche Gartenfest\" width=\"265\" height=\"177\" srcset=\"https:\/\/www.fuldaernachrichten.de\/wp-content\/uploads\/2015\/05\/25.5.2015-Bilanz3-Das-Fuerstliche-Gartenfest-265x177.jpg 265w, https:\/\/www.fuldaernachrichten.de\/wp-content\/uploads\/2015\/05\/25.5.2015-Bilanz3-Das-Fuerstliche-Gartenfest-600x400.jpg 600w, https:\/\/www.fuldaernachrichten.de\/wp-content\/uploads\/2015\/05\/25.5.2015-Bilanz3-Das-Fuerstliche-Gartenfest.jpg 900w\" sizes=\"(max-width: 265px) 100vw, 265px\" \/><\/a>Zun\u00e4chst aber darf man sich auf das F\u00fcrstliche Gartenfest auf Schloss Wolfsgarten vom 18. bis 20. September 2015 freuen: Von der herbstlichen Staudenpracht in Orange, Rot und Gelb \u00fcber dekorative Feuerschalen, die W\u00e4rme f\u00fcr die letzten Grillabende spenden, bis hin zu Geh\u00f6lzen mit auffallender Laubf\u00e4rbung und kreativer Gartengestaltung &#8211; das Sonderthema &#8220;Flammende G\u00e4rten&#8221; bietet Anregungen in H\u00fclle und F\u00fclle f\u00fcr den kr\u00f6nenden Abschluss eines gelungenen<br \/>\nGartenjahres.<\/p>\n<p>Floristenwettbewerb<\/p>\n<p>Kreativit\u00e4t und Engagement: Der Gartenfestfreitag geh\u00f6rte den angehenden Floristinnen des zweiten Lehrjahres, die im Ehrenhof von Schloss Fasanerie ihre Werke f\u00fcr den Wettbewerb &#8220;Wei\u00dfe Lilie&#8221; fertigten. Die Teilnehmerinnen mussten drei floristische Aufgaben bew\u00e4ltigen: Es galt, einen &#8220;Strau\u00df f\u00fcr eine Prinzessin&#8221; zu kreieren, als Objektarbeit einen &#8220;Platz f\u00fcr meinen Liebling&#8221; zu gestalten und schlie\u00dflich die &#8216;\u00dcberraschungsaufgabe&#8217; kreativ umzusetzen: Hierf\u00fcr wurde den Teilnehmerinnen jeweils ein Tablett mit fest installierten T\u00f6pfen sowie Blumen und Gr\u00fcndeko \u00fcberreicht. Eine besondere Herausforderung, da f\u00fcr diese Aufgabe nichts vorbereitet werden konnte und allein die bisher erworbene Fachqualifikation z\u00e4hlte. Herausgekommen sind stilvolle, mit \u00fcppigen Bl\u00fcten besetzte fl\u00e4chige Arbeiten. &#8220;Das sind insgesamt tolle Ergebnisse auf einem hohen Niveau&#8221;, sagt Gabriele Link, Vorstandsmitglied des Fachverbandes der Fuldaer Floristen. &#8220;Vor allem hat mich beeindruckt, wie der &#8216;Lieblingsplatz&#8217; floral in Szene gesetzt wurde.&#8221;<\/p>\n<p>Die Siegerinnen erhielten ihre Urkunden von der Schirmherrin des F\u00fcrstlichen Gartenfestes, Floria Landgr\u00e4fin von Hessen:<br \/>\nPlatz 1 in der Gesamtwertung belegt Virginia Warney, Gesteckoase Thalau,<br \/>\nPlatz 2: Renate Peters der 2. Platz geht an Renate Peters, G\u00e4rtnerei K\u00fchn, Bad Hersfeld ,<br \/>\nPlatz 3: Alexandra Heckbach und der 3. Platz an Alexandra Heckbach, Blumen Link, Eichenzell.<\/p>\n<p>Ausstellerpr\u00e4mierung<\/p>\n<p>Was haben ein seltener Stendelwurz, ausgefallene Taftkleider und ein B\u00fcro im Staudenbeet gemeinsam? Sie wurden im Rahmen des F\u00fcrstlichen Gartenfestes Schloss Fasanerie mit der Goldenen Ananas ausgezeichnet. Die Verleihung hat bereits Tradition: Allj\u00e4hrlich am ersten Abend der Veranstaltung verleihen fachlich versierte Juroren in f\u00fcnf unterschiedlichen Kategorien Auszeichnungen f\u00fcr besonders bemerkenswerte Produkte, Sortimente, Pr\u00e4sentationen und die Umsetzung des jeweiligen Sonderthemas. Die komplette Liste der ausgezeichneten Aussteller ist online auf www.gartenfest.de zu finden.<\/p>\n<p>Der Schaugarten \u201ePhantasia \u2013 wenn Tr\u00e4ume fliegen lernen\u201c<\/p>\n<p>Traumwelt, Wunschort, Sehnsuchtsplatz \u2013 der diesj\u00e4hrige Gewinnergarten des Schaugartenwettbewerbs bekam im Laufe der vier Gartenfesttage wundersch\u00f6ne Namen und war Publikumsmagnet. Die Besucher dr\u00e4ngelten sich immer wieder vor den Eing\u00e4ngen in die drei \u00e2\u20ac\u0161m\u00e4rchenhaften\u00e2\u20ac\u02dc G\u00e4rten: Alice im Wunderland, die Nibelungen-Sage und Frau Holle lauteten die Gestaltungsschwerpunkte, die sich jeweils hinter durchscheinender, zwei Meter hoher Folie verbargen. \u201eLieblingspl\u00e4tze der Kindheit eben, die nun hinter einem Schleier des Vergessens verborgen sind\u201c, interpretiert Petra Hirsch den Planungsgedanken. Als Vorsitzende der Deutschen Gesellschaft f\u00fcr Gartenkunst und Landschaftskultur betreute sie auch in diesem Jahr zusammen mit Wolf-Dieter Hirsch den Schaugarten und stand f\u00fcr Fragen zur Verf\u00fcgung. Beider einhellige Meinung: \u201eDer Garten ist visuell sehr ansprechend umgesetzt. Das haben die Besucher auch immer wieder best\u00e4tigt. Und wir haben noch nie erlebt, dass ein Schaugarten so gro\u00dfes Interesse hervorgerufen hat. Ein tolles, gelungenes Projekt!\u201c<\/p>\n","protected":false},"excerpt":{"rendered":"<div class=\"tmnf_excerpt\"><p>Perfektes Gartenfestwetter, gut gelaunte Besucher und zufriedene Aussteller \u2013 auf diesen Nenner l\u00e4sst sich das 16. F\u00fcrstliche Gartenfest Schloss Fasanerie bringen, zu dem Donatus Landgraf von Hessen am Pfingstwochenende einlud. Insgesamt 25.400 Besucher erlebten wundersch\u00f6ne Lieblingspl\u00e4tze und genossen die festliche Atmosph\u00e4re rund um Hessens sch\u00f6nstes Barockschloss. &#8220;Das war ein ganz wunderbares Gartenfest&#8221;, freut sich Schirmherrin &hellip;<\/p>\n<\/div>","protected":false},"author":1,"featured_media":138982,"comment_status":"closed","ping_status":"closed","sticky":false,"template":"","format":"standard","meta":{"footnotes":""},"categories":[1,44],"tags":[],"class_list":["post-138981","post","type-post","status-publish","format-standard","has-post-thumbnail","hentry","category-startseite","category-kultur"],"_links":{"self":[{"href":"https:\/\/www.fuldaernachrichten.de\/index.php?rest_route=\/wp\/v2\/posts\/138981","targetHints":{"allow":["GET"]}}],"collection":[{"href":"https:\/\/www.fuldaernachrichten.de\/index.php?rest_route=\/wp\/v2\/posts"}],"about":[{"href":"https:\/\/www.fuldaernachrichten.de\/index.php?rest_route=\/wp\/v2\/types\/post"}],"author":[{"embeddable":true,"href":"https:\/\/www.fuldaernachrichten.de\/index.php?rest_route=\/wp\/v2\/users\/1"}],"replies":[{"embeddable":true,"href":"https:\/\/www.fuldaernachrichten.de\/index.php?rest_route=%2Fwp%2Fv2%2Fcomments&post=138981"}],"version-history":[{"count":1,"href":"https:\/\/www.fuldaernachrichten.de\/index.php?rest_route=\/wp\/v2\/posts\/138981\/revisions"}],"predecessor-version":[{"id":138986,"href":"https:\/\/www.fuldaernachrichten.de\/index.php?rest_route=\/wp\/v2\/posts\/138981\/revisions\/138986"}],"wp:featuredmedia":[{"embeddable":true,"href":"https:\/\/www.fuldaernachrichten.de\/index.php?rest_route=\/wp\/v2\/media\/138982"}],"wp:attachment":[{"href":"https:\/\/www.fuldaernachrichten.de\/index.php?rest_route=%2Fwp%2Fv2%2Fmedia&parent=138981"}],"wp:term":[{"taxonomy":"category","embeddable":true,"href":"https:\/\/www.fuldaernachrichten.de\/index.php?rest_route=%2Fwp%2Fv2%2Fcategories&post=138981"},{"taxonomy":"post_tag","embeddable":true,"href":"https:\/\/www.fuldaernachrichten.de\/index.php?rest_route=%2Fwp%2Fv2%2Ftags&post=138981"}],"curies":[{"name":"wp","href":"https:\/\/api.w.org\/{rel}","templated":true}]}}