{"id":138977,"date":"2015-05-26T16:16:29","date_gmt":"2015-05-26T14:16:29","guid":{"rendered":"http:\/\/www.fuldaer-nachrichten.de\/?p=138977"},"modified":"2015-05-26T16:16:29","modified_gmt":"2015-05-26T14:16:29","slug":"autorin-aynara-garcia-aus-blankenau-veroeffentlicht-autobiografie","status":"publish","type":"post","link":"https:\/\/www.fuldaernachrichten.de\/?p=138977","title":{"rendered":"Autorin Aynara Garcia aus Blankenau ver\u00f6ffentlicht Autobiografie"},"content":{"rendered":"<p>Aynara ist etwa 3 Jahre alt, als sie an ihrem Gitterbettchen im Schlafzimmer steht und pl\u00f6tzlich das Zimmer voller Menschen ist. Ein P\u00e4rchen l\u00e4uft an ihr vorbei. Sie tragen altert\u00fcmliche Kleidung. Die Frau hat einen Schirm in der Hand. Ein Mann mit einer Pfeife zeigt lachend auf sie. Aufgeregt ruft sie nach ihrer Mutter\u00e2\u20ac\u00a6.<\/p>\n<p>Als Erwachsene lebt Aynara wie viele andere ein ganz normales Leben, in dem solche Begebenheiten keinen Platz haben. Sie ignoriert die vielen kleinen Ereignisse, die so gar nicht in einen normalen Alltag passen. Doch eines Tages muss sie erkennen, das sie all diese Ereignisse nicht mehr ignorieren kann. Eine Traumserie die all ihre Vorstellungen auf den Kopf stellt, rei\u00dft Aynara von einem auf den anderen Tag aus ihrem Alltagsleben. Sie muss erkennen, das Tr\u00e4ume mehr sind, als eine Phantasiewelt neben der unseren. Zeit ist nicht das, was sie zu sein scheint. Es beginnt eine ungew\u00f6hnliche Reise auf der Suche nach Antworten.<\/p>\n<p>Die Entdeckungen die sie dabei macht, veranlassen sie alles aufzuschreiben. Heute hat sie diese ungew\u00f6hnlichen Erlebnisse in einem Buch zusammengefasst.<\/p>\n<p>Das Buch umfasst viele kleine Kapitel, das jedes f\u00fcr sich oft eine abgeschlossene kleine Geschichte darstellt. Dennoch bildet alles, wie bei einem Puzzle, einen gro\u00dfen Zusammenhang. Die Rahmenhandlung basiert auf jenem traumatischen Erlebnis, das Aynara dazu veranlasst, alle bisherigen Erlebnisse Revue passieren zu lassen.<\/p>\n<p>Das Buch ist gerade als Paperback beim Salutano Verlag f\u00fcr 17,80\u00e2\u201a\u00ac erschienen ( ISBN\u00c2\u00a0 978-3-943878-16-5). In den n\u00e4chsten Wochen wird es auch als Ebook verf\u00fcgbar sein.<\/p>\n","protected":false},"excerpt":{"rendered":"<div class=\"tmnf_excerpt\"><p>Aynara ist etwa 3 Jahre alt, als sie an ihrem Gitterbettchen im Schlafzimmer steht und pl\u00f6tzlich das Zimmer voller Menschen ist. Ein P\u00e4rchen l\u00e4uft an ihr vorbei. Sie tragen altert\u00fcmliche Kleidung. Die Frau hat einen Schirm in der Hand. Ein Mann mit einer Pfeife zeigt lachend auf sie. Aufgeregt ruft sie nach ihrer Mutter\u00e2\u20ac\u00a6. Als &hellip;<\/p>\n<\/div>","protected":false},"author":1,"featured_media":138988,"comment_status":"closed","ping_status":"closed","sticky":false,"template":"","format":"standard","meta":{"footnotes":""},"categories":[1],"tags":[],"class_list":["post-138977","post","type-post","status-publish","format-standard","has-post-thumbnail","hentry","category-startseite"],"_links":{"self":[{"href":"https:\/\/www.fuldaernachrichten.de\/index.php?rest_route=\/wp\/v2\/posts\/138977","targetHints":{"allow":["GET"]}}],"collection":[{"href":"https:\/\/www.fuldaernachrichten.de\/index.php?rest_route=\/wp\/v2\/posts"}],"about":[{"href":"https:\/\/www.fuldaernachrichten.de\/index.php?rest_route=\/wp\/v2\/types\/post"}],"author":[{"embeddable":true,"href":"https:\/\/www.fuldaernachrichten.de\/index.php?rest_route=\/wp\/v2\/users\/1"}],"replies":[{"embeddable":true,"href":"https:\/\/www.fuldaernachrichten.de\/index.php?rest_route=%2Fwp%2Fv2%2Fcomments&post=138977"}],"version-history":[{"count":1,"href":"https:\/\/www.fuldaernachrichten.de\/index.php?rest_route=\/wp\/v2\/posts\/138977\/revisions"}],"predecessor-version":[{"id":138989,"href":"https:\/\/www.fuldaernachrichten.de\/index.php?rest_route=\/wp\/v2\/posts\/138977\/revisions\/138989"}],"wp:featuredmedia":[{"embeddable":true,"href":"https:\/\/www.fuldaernachrichten.de\/index.php?rest_route=\/wp\/v2\/media\/138988"}],"wp:attachment":[{"href":"https:\/\/www.fuldaernachrichten.de\/index.php?rest_route=%2Fwp%2Fv2%2Fmedia&parent=138977"}],"wp:term":[{"taxonomy":"category","embeddable":true,"href":"https:\/\/www.fuldaernachrichten.de\/index.php?rest_route=%2Fwp%2Fv2%2Fcategories&post=138977"},{"taxonomy":"post_tag","embeddable":true,"href":"https:\/\/www.fuldaernachrichten.de\/index.php?rest_route=%2Fwp%2Fv2%2Ftags&post=138977"}],"curies":[{"name":"wp","href":"https:\/\/api.w.org\/{rel}","templated":true}]}}