{"id":138961,"date":"2015-05-26T10:19:13","date_gmt":"2015-05-26T08:19:13","guid":{"rendered":"http:\/\/www.fuldaer-nachrichten.de\/?p=138961"},"modified":"2015-05-26T10:19:13","modified_gmt":"2015-05-26T08:19:13","slug":"osthessenkicker-06-e-v-grossenlueder-vierter-spieltag-steht-bevor","status":"publish","type":"post","link":"https:\/\/www.fuldaernachrichten.de\/?p=138961","title":{"rendered":"Osthessenkicker 06 e.V. Gro\u00dfenl\u00fcder   Vierter Spieltag steht bevor"},"content":{"rendered":"<p>Am kommenden Sonntag steht f\u00fcr die Osthessenkicker der vierte Spieltag auf dem Programm. Die erste Mannschaft, Tabellenf\u00fchrer der Landesliga Nord, trifft ausw\u00e4rts auf den ASC G\u00f6ttingen 2. Die Verbandsligisten der Osthessenkicker spielen beide in der heimischen Kicker-Arena. Die zweite Mannschaft trifft auf die City Soccer 3 aus Kassel. Die dritte Mannschaft spielt gegen den Tabellendritten, den TFC Kassel 2.<\/p>\n<p>Training<br \/>\nDas Training der Osthessenkicker findet immer dienstags und freitags ab 20:00 Uhr in den Vereinsr\u00e4umen im L\u00fcderhaus statt. Das Jugendtraining beginnt an beiden Tagen jeweils um 19:00 Uhr.<\/p>\n","protected":false},"excerpt":{"rendered":"<div class=\"tmnf_excerpt\"><p>Am kommenden Sonntag steht f\u00fcr die Osthessenkicker der vierte Spieltag auf dem Programm. Die erste Mannschaft, Tabellenf\u00fchrer der Landesliga Nord, trifft ausw\u00e4rts auf den ASC G\u00f6ttingen 2. Die Verbandsligisten der Osthessenkicker spielen beide in der heimischen Kicker-Arena. Die zweite Mannschaft trifft auf die City Soccer 3 aus Kassel. Die dritte Mannschaft spielt gegen den Tabellendritten, &hellip;<\/p>\n<\/div>","protected":false},"author":1,"featured_media":138962,"comment_status":"closed","ping_status":"closed","sticky":false,"template":"","format":"standard","meta":{"footnotes":""},"categories":[1,46],"tags":[],"class_list":["post-138961","post","type-post","status-publish","format-standard","has-post-thumbnail","hentry","category-startseite","category-sport"],"_links":{"self":[{"href":"https:\/\/www.fuldaernachrichten.de\/index.php?rest_route=\/wp\/v2\/posts\/138961","targetHints":{"allow":["GET"]}}],"collection":[{"href":"https:\/\/www.fuldaernachrichten.de\/index.php?rest_route=\/wp\/v2\/posts"}],"about":[{"href":"https:\/\/www.fuldaernachrichten.de\/index.php?rest_route=\/wp\/v2\/types\/post"}],"author":[{"embeddable":true,"href":"https:\/\/www.fuldaernachrichten.de\/index.php?rest_route=\/wp\/v2\/users\/1"}],"replies":[{"embeddable":true,"href":"https:\/\/www.fuldaernachrichten.de\/index.php?rest_route=%2Fwp%2Fv2%2Fcomments&post=138961"}],"version-history":[{"count":1,"href":"https:\/\/www.fuldaernachrichten.de\/index.php?rest_route=\/wp\/v2\/posts\/138961\/revisions"}],"predecessor-version":[{"id":138963,"href":"https:\/\/www.fuldaernachrichten.de\/index.php?rest_route=\/wp\/v2\/posts\/138961\/revisions\/138963"}],"wp:featuredmedia":[{"embeddable":true,"href":"https:\/\/www.fuldaernachrichten.de\/index.php?rest_route=\/wp\/v2\/media\/138962"}],"wp:attachment":[{"href":"https:\/\/www.fuldaernachrichten.de\/index.php?rest_route=%2Fwp%2Fv2%2Fmedia&parent=138961"}],"wp:term":[{"taxonomy":"category","embeddable":true,"href":"https:\/\/www.fuldaernachrichten.de\/index.php?rest_route=%2Fwp%2Fv2%2Fcategories&post=138961"},{"taxonomy":"post_tag","embeddable":true,"href":"https:\/\/www.fuldaernachrichten.de\/index.php?rest_route=%2Fwp%2Fv2%2Ftags&post=138961"}],"curies":[{"name":"wp","href":"https:\/\/api.w.org\/{rel}","templated":true}]}}