{"id":138955,"date":"2015-05-25T11:35:23","date_gmt":"2015-05-25T09:35:23","guid":{"rendered":"http:\/\/www.fuldaer-nachrichten.de\/?p=138955"},"modified":"2015-05-25T11:37:05","modified_gmt":"2015-05-25T09:37:05","slug":"attraktive-kulturangebote-in-reizvoller-region","status":"publish","type":"post","link":"https:\/\/www.fuldaernachrichten.de\/?p=138955","title":{"rendered":"Attraktive Kulturangebote in reizvoller Region"},"content":{"rendered":"<p><a href=\"http:\/\/www.fuldaer-nachrichten.de\/wp-content\/uploads\/2015\/05\/Bildschirmfoto-2015-05-25-um-11.36.36.png\"><img fetchpriority=\"high\" decoding=\"async\" class=\"alignleft size-thumbnail wp-image-138959\" src=\"http:\/\/www.fuldaer-nachrichten.de\/wp-content\/uploads\/2015\/05\/Bildschirmfoto-2015-05-25-um-11.36.36-265x387.png\" alt=\"Bildschirmfoto 2015-05-25 um 11.36.36\" width=\"265\" height=\"387\" srcset=\"https:\/\/www.fuldaernachrichten.de\/wp-content\/uploads\/2015\/05\/Bildschirmfoto-2015-05-25-um-11.36.36-265x387.png 265w, https:\/\/www.fuldaernachrichten.de\/wp-content\/uploads\/2015\/05\/Bildschirmfoto-2015-05-25-um-11.36.36-181x265.png 181w, https:\/\/www.fuldaernachrichten.de\/wp-content\/uploads\/2015\/05\/Bildschirmfoto-2015-05-25-um-11.36.36-411x600.png 411w, https:\/\/www.fuldaernachrichten.de\/wp-content\/uploads\/2015\/05\/Bildschirmfoto-2015-05-25-um-11.36.36.png 900w\" sizes=\"(max-width: 265px) 100vw, 265px\" \/><\/a>Kultur verbindet. Das zeigt sich zwischen Maintal im Main-Kinzig-Kreis und Tann in der Rh\u00f6n Sommer f\u00fcr Sommer \u00fcberdeutlich: Der Kultursommer Main-Kinzig-Fulda verbindet schon zum 16. Mal K\u00fcnstler und Publikum \u00fcber Kreis- und Genregrenzen hinweg. In diesem Jahr sind die Musik- und Kunstfreunde zu 72 Veranstaltungen an 48 Orten eingeladen, wo ein prall gef\u00fclltes Angebot aus Musik, Theater, Kabarett, Literatur, Film und bildender Kunst wartet.<\/p>\n<p>Tr\u00e4ger des Kultursommers sind die Landkreise Main-Kinzig und Fulda. Die beiden Landr\u00e4te Erich Pipa und Bernd Woide zeigen sich \u00fcberzeugt, dass die Organisatoren mit der Programmauswahl erneut den Nerv des kunstinteressierten Publikums getroffen haben. \u201eIn diesem Jahr liegt die Zahl der Veranstaltungen deutlich \u00fcber der im Vorjahr, denn durch die Unterst\u00fctzung des Hessischen Ministeriums f\u00fcr Wissenschaft und Kunst k\u00f6nnen wir das Angebot erweitern und Kindern und Jugendlichen einen eigenen Kinder-Kultursommer bieten.\u201c Pipa und Woide unterstreichen die hohe Bedeutung der kreis\u00fcbergreifenden Kooperation als Aufwertung der Region entlang der Fl\u00fcsse Main, Kinzig und Fulda. \u201eDie attraktiven Kulturangebote in unserer reizvollen Landschaft, gerade im Sommer, ziehen jedes Jahr Tausende an. Auch in diesem Jahr haben wieder wahre Publikumsmagnete genauso wie die kleinen, sehr speziellen Veranstaltungen Eingang\u00c2\u00a0 gefunden.\u201c<\/p>\n<p>Er\u00f6ffnet wird der Kultursommer am Samstag, 30. Mai, in Kleinsassen. Anl\u00e4sslich einer japanisch-deutschen Kunstbegegnung und als klangstarker und grenz\u00fcberschreitender Auftakt f\u00fcr den Kultursommer erklingen in der Kunststation Taiko-Trommeln. Schon der Auftakt zeigt, dass der Kultursommer wieder darauf setzt, ein kulturell hochwertiges Programm in die Fl\u00e4che \u2013 und nicht nur in die st\u00e4dtischen Zentren\u00c2\u00a0 \u2013 zu tragen. \u201eWir folgen damit unserem Anspruch, eine Kulturreihe f\u00fcr die ganze Region zu schaffen, insbesondere auch in den Kommunen, in denen namhafte Schauspieler und K\u00fcnstler seltener anzutreffen sind\u201c, erkl\u00e4ren Pipa und Woide und weisen auf die Fortsetzung langj\u00e4hriger Reihen wie den Tanner Musiksommer hin. Zu den Kulturattraktionen in kleineren Orten geh\u00f6ren auch das Barockkonzert mit Savoir Cuivre im Propsteischlossgarten von Blankenau am 21. Juni und den literarisch-musikalischen Abend mit Tim Boltz in Burghaun am 24. Juli.<\/p>\n<p>Das vorliegende Programm bietet viele kulturelle Bonbons. \u201eLiteratur am Kirchplatz\u201c hei\u00dft ein Gemeinschaftsprojekt am 10. Juli. Zeitgleich begeben sich unter anderem auf dem Propsteiplatz in Blankenau und auf dem Kirchplatz von St. Jakobus in H\u00fcnfeld die Zuh\u00f6rer auf die Spuren des Glaubens in der modernen Literatur. Eine regionale Musikbesonderheit verbirgt sich hinter dem Titel \u201eMade in Gro\u00dfenl\u00fcder\u201c. Lieder und Liedermacher aus der 8.400-Einwohner-Gemeinde spielen am 18. Juli Open Air an der Burgpassage. Zu den weiteren H\u00f6hepunkten des 16. Kultursommers z\u00e4hlen dar\u00fcber hinaus der Auftritt von \u201eMa Valise\u201c am 3. Juni im Kulturkeller Fulda mit ihren weiten musikalischen Stil-, Instrumenten- und Sprachspr\u00fcngen, der Internationale Orgelsommer im Fuldaer Dom und eine Veranstaltung ganz ijm Zeichen von Tuben und Tubisten \u201eTUBIST was du bist\u201c am 4. September im Begegnungsraum der ehemaligen Synagoge in Heubach.<\/p>\n<p>Abgerundet wird das Programm durch Konzerte von Ch\u00f6ren und Orchestern, Jazzformationen, Soulbands, Barock-Ensembles mit historischen Instrumenten und Weltmusik-Formationen. Es werden Filmvorf\u00fchrungen, Theaterproduktionen und Land-Art-Projekte pr\u00e4sentiert. Aktuelle Stars und Sternchen wie Max Moor und Lulo Reinhardt sorgen f\u00fcr unterhaltsame Stunden. Zu den Attraktionen f\u00fcr Kinder und Jugendliche geh\u00f6ren die\u00c2\u00a0 M\u00e4rchen-Schnitzeljagd im Eichenzeller Schloss Fasanerie, das M\u00e4rchenspiel \u201eDer Teufel mit den drei goldenen Haaren\u201c vor dem Br\u00fcder-Grimm-Haus in Steinau\u00c2\u00a0 und ein Mitmach-Theater f\u00fcr die ganze Familie auf dem Kinderbauernhof L\u00f6nneberga in Fulda-L\u00fcderm\u00fcnd. Der Kinder-Kultursommer endet am 29. August in Bad Salzschlirf mit einem Rockkonzert f\u00fcr Kinder.<\/p>\n<p>Eintrittskarten zu den Veranstaltungen k\u00f6nnen direkt bei den Veranstaltern (Kommunen, ortsans\u00e4ssige Kulturvereine, Kulturinitiativen und Kirchengemeinden) gekauft werden. Die Kontaktdaten sind im 44-seitigen Programmheft des Kultursommers angedrtuckt. Die Programme liegen\u00c2\u00a0bei allen Kommunen der\u00c2\u00a0beiden Landkreise sowie bei allen Sparkassen aus. Das Heft kann auch bei der Fachgruppe Kultur des Main-Kinzig-Kreises, Telefon (06051)8514464 oder unter info@kultursommer-hessen.de angefordert werden. Alle Programminformationen sind dar\u00fcber hinaus im Internet unter\u00c2\u00a0www.kultursommer-hessen.de abrufbar.<\/p>\n","protected":false},"excerpt":{"rendered":"<div class=\"tmnf_excerpt\"><p>Kultur verbindet. Das zeigt sich zwischen Maintal im Main-Kinzig-Kreis und Tann in der Rh\u00f6n Sommer f\u00fcr Sommer \u00fcberdeutlich: Der Kultursommer Main-Kinzig-Fulda verbindet schon zum 16. Mal K\u00fcnstler und Publikum \u00fcber Kreis- und Genregrenzen hinweg. In diesem Jahr sind die Musik- und Kunstfreunde zu 72 Veranstaltungen an 48 Orten eingeladen, wo ein prall gef\u00fclltes Angebot aus &hellip;<\/p>\n<\/div>","protected":false},"author":1,"featured_media":138958,"comment_status":"closed","ping_status":"closed","sticky":false,"template":"","format":"standard","meta":{"footnotes":""},"categories":[1,44],"tags":[],"class_list":["post-138955","post","type-post","status-publish","format-standard","has-post-thumbnail","hentry","category-startseite","category-kultur"],"_links":{"self":[{"href":"https:\/\/www.fuldaernachrichten.de\/index.php?rest_route=\/wp\/v2\/posts\/138955","targetHints":{"allow":["GET"]}}],"collection":[{"href":"https:\/\/www.fuldaernachrichten.de\/index.php?rest_route=\/wp\/v2\/posts"}],"about":[{"href":"https:\/\/www.fuldaernachrichten.de\/index.php?rest_route=\/wp\/v2\/types\/post"}],"author":[{"embeddable":true,"href":"https:\/\/www.fuldaernachrichten.de\/index.php?rest_route=\/wp\/v2\/users\/1"}],"replies":[{"embeddable":true,"href":"https:\/\/www.fuldaernachrichten.de\/index.php?rest_route=%2Fwp%2Fv2%2Fcomments&post=138955"}],"version-history":[{"count":2,"href":"https:\/\/www.fuldaernachrichten.de\/index.php?rest_route=\/wp\/v2\/posts\/138955\/revisions"}],"predecessor-version":[{"id":138960,"href":"https:\/\/www.fuldaernachrichten.de\/index.php?rest_route=\/wp\/v2\/posts\/138955\/revisions\/138960"}],"wp:featuredmedia":[{"embeddable":true,"href":"https:\/\/www.fuldaernachrichten.de\/index.php?rest_route=\/wp\/v2\/media\/138958"}],"wp:attachment":[{"href":"https:\/\/www.fuldaernachrichten.de\/index.php?rest_route=%2Fwp%2Fv2%2Fmedia&parent=138955"}],"wp:term":[{"taxonomy":"category","embeddable":true,"href":"https:\/\/www.fuldaernachrichten.de\/index.php?rest_route=%2Fwp%2Fv2%2Fcategories&post=138955"},{"taxonomy":"post_tag","embeddable":true,"href":"https:\/\/www.fuldaernachrichten.de\/index.php?rest_route=%2Fwp%2Fv2%2Ftags&post=138955"}],"curies":[{"name":"wp","href":"https:\/\/api.w.org\/{rel}","templated":true}]}}