{"id":138914,"date":"2015-05-22T20:09:59","date_gmt":"2015-05-22T18:09:59","guid":{"rendered":"http:\/\/www.fuldaer-nachrichten.de\/?p=138914"},"modified":"2015-05-22T20:10:27","modified_gmt":"2015-05-22T18:10:27","slug":"kolping-dioezesanwallfahrt-zum-kloster-engelberg-im-odenwald-sich-von-den-winden-des-wandels-mit-maria-zu-gott-tragen-lassen","status":"publish","type":"post","link":"https:\/\/www.fuldaernachrichten.de\/?p=138914","title":{"rendered":"Kolping-Di\u00f6zesanwallfahrt zum Kloster Engelberg im Odenwald \u201eSich von den Winden des Wandels mit Maria zu Gott tragen lassen\u201c."},"content":{"rendered":"<p><a href=\"http:\/\/www.fuldaer-nachrichten.de\/wp-content\/uploads\/2015\/05\/DSC08426.jpg\"><img decoding=\"async\" class=\"alignleft size-thumbnail wp-image-138919\" src=\"http:\/\/www.fuldaer-nachrichten.de\/wp-content\/uploads\/2015\/05\/DSC08426-265x176.jpg\" alt=\"DSC08426\" width=\"265\" height=\"176\" srcset=\"https:\/\/www.fuldaernachrichten.de\/wp-content\/uploads\/2015\/05\/DSC08426-265x176.jpg 265w, https:\/\/www.fuldaernachrichten.de\/wp-content\/uploads\/2015\/05\/DSC08426-600x399.jpg 600w, https:\/\/www.fuldaernachrichten.de\/wp-content\/uploads\/2015\/05\/DSC08426.jpg 900w\" sizes=\"(max-width: 265px) 100vw, 265px\" \/><\/a>Erste Station der Di\u00f6zesanwallfahrt war Gro\u00dfheubach, wo im Gemeinschaftshaus die dortige Kolpingsfamilie mit ihrem Vorsitzenden Gernot Winter\u00c2\u00a0 ein leckeres Fr\u00fchst\u00fcck f\u00fcr die Wallfahrtsteilnehmer servierte. Zahlreiche Gro\u00dfheubacher begleiteten die Fuldaer Wallfahrer vom Klotzenhof bei Gro\u00dfheubach auf dem fr\u00e4nkischen Marienweg zur Wallfahrtskirche, wo sie gemeinsam mit dem Pfarrer und Kolpingsohn Karl-Josef Kraus, Gro\u00dfheubach, den Wallfahrtsgottesdienst feierten. Pilger aus dem Bistum Fulda gestalteten den Wallfahrtsgottesdienst mit.<\/p>\n<p>Orange und Schwarz waren die pr\u00e4genden Farben beim Einzug der vielen Banner mit dem Zelebranten in das Franziskanerkloster auf dem Engelberg. Die Wallfahrtskirche war w\u00e4hrend des Gottesdienstes bis auf den letzten Platz gef\u00fcllt.<\/p>\n<p>Eine gro\u00dfe \u201eKolpingsfamilie\u201c bildeten Wallfahrer und Pilger und freuten sich \u00fcber die Gelegenheit, Erfahrungen auszutauschen, gemeinsam zu beten und zu singen sowie in stiller Verehrung vor dem g\u00fctig l\u00e4chelnden Gnadenbild \u201eMaria von der Freude&#8221; zu verweilen. Der Wallfahrtstag stand unter der Gesamtleitung von Di\u00f6zesanseniorenleiter Reinhold Pappert, Flieden sowie Werner Reck, Vorsitzender des Bezirkes Neuhof.<\/p>\n<p>Nach dem Gottesdienst st\u00e4rkten sich die Wallfahrer beim Mittagessen in der Klostersch\u00e4nke und genossen den atemberaubenden Ausblick vom Wallfahrtplatz auf das Maintal, Gro\u00dfheubach und die 612 steinernen Stufen, die so genannten \u201eEngelsstaffeln&#8221;.<\/p>\n<p>Anschlie\u00dfend begaben sich die Wallfahrer in das nahe gelegene Amorbach. Dort war das gro\u00dfe ehemalige benediktinische Schwesterkloster des Klosters Fulda im bayrischen Odenwald jenseits des Mains, ihr Ziel. Nach F\u00fchrungen durch die historischen R\u00e4ume und die ehemalige Klosterkirche und heutige evangelische Kirche, standen weitere informative und erholsame Angebote an.<\/p>\n<p>Mit einer kurzen Andacht nach einem Gang durch die Altstadt zur imposanten Pfarrkirche St. Gangolf und Ausblicken auf anstehende Angebote des Kolping-Di\u00f6zesanverbands traten die Wallfahrer mit ihren Bussen die Heimreise an.<\/p>\n","protected":false},"excerpt":{"rendered":"<div class=\"tmnf_excerpt\"><p>Erste Station der Di\u00f6zesanwallfahrt war Gro\u00dfheubach, wo im Gemeinschaftshaus die dortige Kolpingsfamilie mit ihrem Vorsitzenden Gernot Winter\u00c2\u00a0 ein leckeres Fr\u00fchst\u00fcck f\u00fcr die Wallfahrtsteilnehmer servierte. Zahlreiche Gro\u00dfheubacher begleiteten die Fuldaer Wallfahrer vom Klotzenhof bei Gro\u00dfheubach auf dem fr\u00e4nkischen Marienweg zur Wallfahrtskirche, wo sie gemeinsam mit dem Pfarrer und Kolpingsohn Karl-Josef Kraus, Gro\u00dfheubach, den Wallfahrtsgottesdienst feierten. Pilger &hellip;<\/p>\n<\/div>","protected":false},"author":1,"featured_media":138918,"comment_status":"closed","ping_status":"closed","sticky":false,"template":"","format":"standard","meta":{"footnotes":""},"categories":[1,50],"tags":[],"class_list":["post-138914","post","type-post","status-publish","format-standard","has-post-thumbnail","hentry","category-startseite","category-kirche"],"_links":{"self":[{"href":"https:\/\/www.fuldaernachrichten.de\/index.php?rest_route=\/wp\/v2\/posts\/138914","targetHints":{"allow":["GET"]}}],"collection":[{"href":"https:\/\/www.fuldaernachrichten.de\/index.php?rest_route=\/wp\/v2\/posts"}],"about":[{"href":"https:\/\/www.fuldaernachrichten.de\/index.php?rest_route=\/wp\/v2\/types\/post"}],"author":[{"embeddable":true,"href":"https:\/\/www.fuldaernachrichten.de\/index.php?rest_route=\/wp\/v2\/users\/1"}],"replies":[{"embeddable":true,"href":"https:\/\/www.fuldaernachrichten.de\/index.php?rest_route=%2Fwp%2Fv2%2Fcomments&post=138914"}],"version-history":[{"count":1,"href":"https:\/\/www.fuldaernachrichten.de\/index.php?rest_route=\/wp\/v2\/posts\/138914\/revisions"}],"predecessor-version":[{"id":138920,"href":"https:\/\/www.fuldaernachrichten.de\/index.php?rest_route=\/wp\/v2\/posts\/138914\/revisions\/138920"}],"wp:featuredmedia":[{"embeddable":true,"href":"https:\/\/www.fuldaernachrichten.de\/index.php?rest_route=\/wp\/v2\/media\/138918"}],"wp:attachment":[{"href":"https:\/\/www.fuldaernachrichten.de\/index.php?rest_route=%2Fwp%2Fv2%2Fmedia&parent=138914"}],"wp:term":[{"taxonomy":"category","embeddable":true,"href":"https:\/\/www.fuldaernachrichten.de\/index.php?rest_route=%2Fwp%2Fv2%2Fcategories&post=138914"},{"taxonomy":"post_tag","embeddable":true,"href":"https:\/\/www.fuldaernachrichten.de\/index.php?rest_route=%2Fwp%2Fv2%2Ftags&post=138914"}],"curies":[{"name":"wp","href":"https:\/\/api.w.org\/{rel}","templated":true}]}}