{"id":138902,"date":"2015-05-22T20:02:39","date_gmt":"2015-05-22T18:02:39","guid":{"rendered":"http:\/\/www.fuldaer-nachrichten.de\/?p=138902"},"modified":"2015-05-22T20:02:39","modified_gmt":"2015-05-22T18:02:39","slug":"querbuchreihe-des-seitenwechsels-reiseerlebnisse-aus-namibia","status":"publish","type":"post","link":"https:\/\/www.fuldaernachrichten.de\/?p=138902","title":{"rendered":"Querbuchreihe des SeitenWechsels: Reiseerlebnisse aus Namibia"},"content":{"rendered":"<p>F\u00fcr alle Namibia-Fans und Interessierte findet am kommenden Donnerstag, 28. Mai, ein spannender Vortrag im Treffpunkt SeitenWechsel (St. Vinzenz-Str. 70, Fulda)\u00c2\u00a0 statt:<\/p>\n<p>Seit 20 Jahren wandelt Journalist Hermann Diel auf den Spuren der deutschen Kolonialzeit in Namibia. Ob mit der Enduro oder als Reisef\u00fchrer erkundet er regelm\u00e4\u00dfig Land, Leute, weite W\u00fcste. Ab 19:30 Uhr berichtet der Hermann Diel \u00fcber seine langj\u00e4hrigen und vielf\u00e4ltigen Reiseerfahrungen- und erlebnisse. Der Eintritt ist frei.<\/p>\n","protected":false},"excerpt":{"rendered":"<div class=\"tmnf_excerpt\"><p>F\u00fcr alle Namibia-Fans und Interessierte findet am kommenden Donnerstag, 28. Mai, ein spannender Vortrag im Treffpunkt SeitenWechsel (St. Vinzenz-Str. 70, Fulda)\u00c2\u00a0 statt: Seit 20 Jahren wandelt Journalist Hermann Diel auf den Spuren der deutschen Kolonialzeit in Namibia. Ob mit der Enduro oder als Reisef\u00fchrer erkundet er regelm\u00e4\u00dfig Land, Leute, weite W\u00fcste. Ab 19:30 Uhr berichtet &hellip;<\/p>\n<\/div>","protected":false},"author":1,"featured_media":0,"comment_status":"closed","ping_status":"closed","sticky":false,"template":"","format":"standard","meta":{"footnotes":""},"categories":[1],"tags":[],"class_list":["post-138902","post","type-post","status-publish","format-standard","hentry","category-startseite"],"_links":{"self":[{"href":"https:\/\/www.fuldaernachrichten.de\/index.php?rest_route=\/wp\/v2\/posts\/138902","targetHints":{"allow":["GET"]}}],"collection":[{"href":"https:\/\/www.fuldaernachrichten.de\/index.php?rest_route=\/wp\/v2\/posts"}],"about":[{"href":"https:\/\/www.fuldaernachrichten.de\/index.php?rest_route=\/wp\/v2\/types\/post"}],"author":[{"embeddable":true,"href":"https:\/\/www.fuldaernachrichten.de\/index.php?rest_route=\/wp\/v2\/users\/1"}],"replies":[{"embeddable":true,"href":"https:\/\/www.fuldaernachrichten.de\/index.php?rest_route=%2Fwp%2Fv2%2Fcomments&post=138902"}],"version-history":[{"count":1,"href":"https:\/\/www.fuldaernachrichten.de\/index.php?rest_route=\/wp\/v2\/posts\/138902\/revisions"}],"predecessor-version":[{"id":138904,"href":"https:\/\/www.fuldaernachrichten.de\/index.php?rest_route=\/wp\/v2\/posts\/138902\/revisions\/138904"}],"wp:attachment":[{"href":"https:\/\/www.fuldaernachrichten.de\/index.php?rest_route=%2Fwp%2Fv2%2Fmedia&parent=138902"}],"wp:term":[{"taxonomy":"category","embeddable":true,"href":"https:\/\/www.fuldaernachrichten.de\/index.php?rest_route=%2Fwp%2Fv2%2Fcategories&post=138902"},{"taxonomy":"post_tag","embeddable":true,"href":"https:\/\/www.fuldaernachrichten.de\/index.php?rest_route=%2Fwp%2Fv2%2Ftags&post=138902"}],"curies":[{"name":"wp","href":"https:\/\/api.w.org\/{rel}","templated":true}]}}