{"id":138890,"date":"2015-05-22T19:58:30","date_gmt":"2015-05-22T17:58:30","guid":{"rendered":"http:\/\/www.fuldaer-nachrichten.de\/?p=138890"},"modified":"2015-05-22T19:58:30","modified_gmt":"2015-05-22T17:58:30","slug":"unternehmersprechtag-in-fulda-8","status":"publish","type":"post","link":"https:\/\/www.fuldaernachrichten.de\/?p=138890","title":{"rendered":"Unternehmersprechtag in Fulda"},"content":{"rendered":"<p>Am Freitag, 29. Mai 2015, k\u00f6nnen sich Inhaber und Gesch\u00e4ftsfu\u00cc\u02c6hrer kleiner und mittlerer Unternehmen ab 08:30 Uhr im Informationstechnologie-, Gru\u00cc\u02c6nder- und Multimediazentrum Fulda, Am Alten Schlachthof 4, 36037 Fulda, nach Anmeldung in Einzelterminen kostenlos beraten lassen. Experten der Wirtschafts- und Infrastrukturbank Hessen (WIBank), der Industrie- und Handelskammer (IHK) Fulda, der Handwerkskammer Kassel (HWK) sowie des Rationalisierungs- und Innovationszentrums der Wirtschaft (RKW Hessen) bieten diesen Service gemeinsam an.<br \/>\nM\u00f6gliche Themen sind die Unternehmensfinanzierung &#8211; inklusive \u00f6ffentlicher F\u00f6rdermittel &#8211; betriebswirtschaftliche und technologische Fragen, die Unternehmensu\u00cc\u02c6bergabe beziehungsweise \u2013u\u00cc\u02c6bernahme sowie der Zugang zu Hochschul-Know-how. Die Beratung u\u00cc\u02c6ber einen geeigneten Standort und beh\u00f6rdliche Genehmigungsverfahren runden das Angebot ab.<\/p>\n<p>Innerhalb eines Termins k\u00f6nnen Unternehmer wichtige Informationen zu ganz unterschiedlichen Themen erhalten. Die WIBank bringt ihre Expertise im Bereich F\u00f6rdermittel ein, die IHK, HWK und das RKW erg\u00e4nzen spezifische Branchen- und Unternehmenskenntnisse.<\/p>\n<p>Damit sich die Gespr\u00e4chspartner auf das konkrete Anliegen vorbereiten k\u00f6nnen, ist es sinnvoll, es kurz zu beschreiben. Anmeldungen bei der IHK Fulda unter der Telefonnummer 0661 284-15. Ansprechpartnerin ist Sabrina Ku\u00cc\u02c6mmel-Naderer, E-Mail an: kuemmel-naderer@fulda.ihk.de.<\/p>\n","protected":false},"excerpt":{"rendered":"<div class=\"tmnf_excerpt\"><p>Am Freitag, 29. Mai 2015, k\u00f6nnen sich Inhaber und Gesch\u00e4ftsfu\u00cc\u02c6hrer kleiner und mittlerer Unternehmen ab 08:30 Uhr im Informationstechnologie-, Gru\u00cc\u02c6nder- und Multimediazentrum Fulda, Am Alten Schlachthof 4, 36037 Fulda, nach Anmeldung in Einzelterminen kostenlos beraten lassen. Experten der Wirtschafts- und Infrastrukturbank Hessen (WIBank), der Industrie- und Handelskammer (IHK) Fulda, der Handwerkskammer Kassel (HWK) sowie des &hellip;<\/p>\n<\/div>","protected":false},"author":1,"featured_media":0,"comment_status":"closed","ping_status":"closed","sticky":false,"template":"","format":"standard","meta":{"footnotes":""},"categories":[1],"tags":[],"class_list":["post-138890","post","type-post","status-publish","format-standard","hentry","category-startseite"],"_links":{"self":[{"href":"https:\/\/www.fuldaernachrichten.de\/index.php?rest_route=\/wp\/v2\/posts\/138890","targetHints":{"allow":["GET"]}}],"collection":[{"href":"https:\/\/www.fuldaernachrichten.de\/index.php?rest_route=\/wp\/v2\/posts"}],"about":[{"href":"https:\/\/www.fuldaernachrichten.de\/index.php?rest_route=\/wp\/v2\/types\/post"}],"author":[{"embeddable":true,"href":"https:\/\/www.fuldaernachrichten.de\/index.php?rest_route=\/wp\/v2\/users\/1"}],"replies":[{"embeddable":true,"href":"https:\/\/www.fuldaernachrichten.de\/index.php?rest_route=%2Fwp%2Fv2%2Fcomments&post=138890"}],"version-history":[{"count":1,"href":"https:\/\/www.fuldaernachrichten.de\/index.php?rest_route=\/wp\/v2\/posts\/138890\/revisions"}],"predecessor-version":[{"id":138891,"href":"https:\/\/www.fuldaernachrichten.de\/index.php?rest_route=\/wp\/v2\/posts\/138890\/revisions\/138891"}],"wp:attachment":[{"href":"https:\/\/www.fuldaernachrichten.de\/index.php?rest_route=%2Fwp%2Fv2%2Fmedia&parent=138890"}],"wp:term":[{"taxonomy":"category","embeddable":true,"href":"https:\/\/www.fuldaernachrichten.de\/index.php?rest_route=%2Fwp%2Fv2%2Fcategories&post=138890"},{"taxonomy":"post_tag","embeddable":true,"href":"https:\/\/www.fuldaernachrichten.de\/index.php?rest_route=%2Fwp%2Fv2%2Ftags&post=138890"}],"curies":[{"name":"wp","href":"https:\/\/api.w.org\/{rel}","templated":true}]}}