{"id":138879,"date":"2015-05-21T17:48:11","date_gmt":"2015-05-21T15:48:11","guid":{"rendered":"http:\/\/www.fuldaer-nachrichten.de\/?p=138879"},"modified":"2015-05-21T17:48:11","modified_gmt":"2015-05-21T15:48:11","slug":"awo-buecherbasar-am-sa-06-06-2015-ab-1400-uhr","status":"publish","type":"post","link":"https:\/\/www.fuldaernachrichten.de\/?p=138879","title":{"rendered":"AWO B\u00fccherbasar am Sa. 06.06.2015 ab 14:00 Uhr"},"content":{"rendered":"<p>Preiswerte Lekt\u00fcre f\u00fcr den Start in die Gartensaison gesucht? Reisef\u00fchrer, Urlaubsschm\u00f6ker usw. Der Arbeiterwohlfahrt Kreisverband Fulda e.V. veranstaltet den n\u00e4chsten B\u00fccherbasar. Angeboten wird eine Vielzahl an gebrauchter, aber noch gut erhaltener Literatur vieler Arten und Fachrichtungen. Wie in der Vergangenheit gibt es auch wieder die Gelegenheit bei Kaffee und Kuchen die ersten Leseproben zu nehmen. Der Erl\u00f6s kommt direkt der Kinder- und Jugendarbeit der AWO in Fulda zugute.<br \/>\nDer Basar findet am Sa. 06.06.2015 von 14:00 \u2013 16:00 Uhr in der Gesch\u00e4ftsstelle der AWO in Fulda, Frankfurter Str. 28, statt.<\/p>\n","protected":false},"excerpt":{"rendered":"<div class=\"tmnf_excerpt\"><p>Preiswerte Lekt\u00fcre f\u00fcr den Start in die Gartensaison gesucht? Reisef\u00fchrer, Urlaubsschm\u00f6ker usw. Der Arbeiterwohlfahrt Kreisverband Fulda e.V. veranstaltet den n\u00e4chsten B\u00fccherbasar. Angeboten wird eine Vielzahl an gebrauchter, aber noch gut erhaltener Literatur vieler Arten und Fachrichtungen. Wie in der Vergangenheit gibt es auch wieder die Gelegenheit bei Kaffee und Kuchen die ersten Leseproben zu nehmen. &hellip;<\/p>\n<\/div>","protected":false},"author":1,"featured_media":0,"comment_status":"closed","ping_status":"closed","sticky":false,"template":"","format":"standard","meta":{"footnotes":""},"categories":[1],"tags":[],"class_list":["post-138879","post","type-post","status-publish","format-standard","hentry","category-startseite"],"_links":{"self":[{"href":"https:\/\/www.fuldaernachrichten.de\/index.php?rest_route=\/wp\/v2\/posts\/138879","targetHints":{"allow":["GET"]}}],"collection":[{"href":"https:\/\/www.fuldaernachrichten.de\/index.php?rest_route=\/wp\/v2\/posts"}],"about":[{"href":"https:\/\/www.fuldaernachrichten.de\/index.php?rest_route=\/wp\/v2\/types\/post"}],"author":[{"embeddable":true,"href":"https:\/\/www.fuldaernachrichten.de\/index.php?rest_route=\/wp\/v2\/users\/1"}],"replies":[{"embeddable":true,"href":"https:\/\/www.fuldaernachrichten.de\/index.php?rest_route=%2Fwp%2Fv2%2Fcomments&post=138879"}],"version-history":[{"count":1,"href":"https:\/\/www.fuldaernachrichten.de\/index.php?rest_route=\/wp\/v2\/posts\/138879\/revisions"}],"predecessor-version":[{"id":138884,"href":"https:\/\/www.fuldaernachrichten.de\/index.php?rest_route=\/wp\/v2\/posts\/138879\/revisions\/138884"}],"wp:attachment":[{"href":"https:\/\/www.fuldaernachrichten.de\/index.php?rest_route=%2Fwp%2Fv2%2Fmedia&parent=138879"}],"wp:term":[{"taxonomy":"category","embeddable":true,"href":"https:\/\/www.fuldaernachrichten.de\/index.php?rest_route=%2Fwp%2Fv2%2Fcategories&post=138879"},{"taxonomy":"post_tag","embeddable":true,"href":"https:\/\/www.fuldaernachrichten.de\/index.php?rest_route=%2Fwp%2Fv2%2Ftags&post=138879"}],"curies":[{"name":"wp","href":"https:\/\/api.w.org\/{rel}","templated":true}]}}