{"id":138866,"date":"2015-05-21T17:44:51","date_gmt":"2015-05-21T15:44:51","guid":{"rendered":"http:\/\/www.fuldaer-nachrichten.de\/?p=138866"},"modified":"2015-05-21T17:44:51","modified_gmt":"2015-05-21T15:44:51","slug":"vortrag-ueber-spannungen-im-grenzgebiet-zwischen-katholizismus-und-protestantismus","status":"publish","type":"post","link":"https:\/\/www.fuldaernachrichten.de\/?p=138866","title":{"rendered":"Vortrag \u00fcber Spannungen im Grenzgebiet zwischen Katholizismus und Protestantismus"},"content":{"rendered":"<p>Der Fuldaer Geschichtsverein l\u00e4dt ein zu einem Vortrag \u00fcber \u201eSpannungen im Grenzgebiet zwischen Katholizismus und Protestantismus: Der Umgang des Hochstifts Fulda mit konfessionellen Konflikten am Beispiel der protestantischen Gemeinde Burghaun\u201c. Die Referentin ist Carolin Katzer.<\/p>\n<p>\u201eEine F\u00fcrstlich Fuldische Kommission hat unter Soldaten-Bedeckung die Evangelische Kirche mit Gewalt erbrochen.\u201c Was zun\u00e4chst wie eine Beschreibung aus den Wirren der Reformationszeit klingt, stammt tats\u00e4chlich aus den 1760er Jahren: Die protestantische Gemeinde Burghaun klagt \u00fcber die Unterdr\u00fcckung durch Fulda. Mit dem Westf\u00e4lischen Frieden von 1648 hatten religi\u00f6se bzw. konfessionelle Konflikte im Reich also kein Ende, vielmehr brachen die Spannungen im 18. Jahrhundert erneut auf, wie neue Forschungen zeigen konnten. Die Referentin wird anhand lokaler Beispiele die Frage beleuchten, wie das katholische Fulda mit den protestantischen Gemeinden im Umland umging. Zwang man ihnen den \u201erichtigen\u201c Glauben, notfalls mit milit\u00e4rischer Gewalt, auf oder lassen sich vielmehr auch diplomatische L\u00f6sungsans\u00e4tze finden?<\/p>\n<p>Die Veranstaltung findet am Donnerstag, 28. Mai 2015, um 19.30 Uhr, im Forum Kanzlerpalais, Unterm Heilig Kreuz, 36037 Fulda, statt.<\/p>\n","protected":false},"excerpt":{"rendered":"<div class=\"tmnf_excerpt\"><p>Der Fuldaer Geschichtsverein l\u00e4dt ein zu einem Vortrag \u00fcber \u201eSpannungen im Grenzgebiet zwischen Katholizismus und Protestantismus: Der Umgang des Hochstifts Fulda mit konfessionellen Konflikten am Beispiel der protestantischen Gemeinde Burghaun\u201c. Die Referentin ist Carolin Katzer. \u201eEine F\u00fcrstlich Fuldische Kommission hat unter Soldaten-Bedeckung die Evangelische Kirche mit Gewalt erbrochen.\u201c Was zun\u00e4chst wie eine Beschreibung aus den &hellip;<\/p>\n<\/div>","protected":false},"author":1,"featured_media":0,"comment_status":"closed","ping_status":"closed","sticky":false,"template":"","format":"standard","meta":{"footnotes":""},"categories":[50],"tags":[],"class_list":["post-138866","post","type-post","status-publish","format-standard","hentry","category-kirche"],"_links":{"self":[{"href":"https:\/\/www.fuldaernachrichten.de\/index.php?rest_route=\/wp\/v2\/posts\/138866","targetHints":{"allow":["GET"]}}],"collection":[{"href":"https:\/\/www.fuldaernachrichten.de\/index.php?rest_route=\/wp\/v2\/posts"}],"about":[{"href":"https:\/\/www.fuldaernachrichten.de\/index.php?rest_route=\/wp\/v2\/types\/post"}],"author":[{"embeddable":true,"href":"https:\/\/www.fuldaernachrichten.de\/index.php?rest_route=\/wp\/v2\/users\/1"}],"replies":[{"embeddable":true,"href":"https:\/\/www.fuldaernachrichten.de\/index.php?rest_route=%2Fwp%2Fv2%2Fcomments&post=138866"}],"version-history":[{"count":1,"href":"https:\/\/www.fuldaernachrichten.de\/index.php?rest_route=\/wp\/v2\/posts\/138866\/revisions"}],"predecessor-version":[{"id":138867,"href":"https:\/\/www.fuldaernachrichten.de\/index.php?rest_route=\/wp\/v2\/posts\/138866\/revisions\/138867"}],"wp:attachment":[{"href":"https:\/\/www.fuldaernachrichten.de\/index.php?rest_route=%2Fwp%2Fv2%2Fmedia&parent=138866"}],"wp:term":[{"taxonomy":"category","embeddable":true,"href":"https:\/\/www.fuldaernachrichten.de\/index.php?rest_route=%2Fwp%2Fv2%2Fcategories&post=138866"},{"taxonomy":"post_tag","embeddable":true,"href":"https:\/\/www.fuldaernachrichten.de\/index.php?rest_route=%2Fwp%2Fv2%2Ftags&post=138866"}],"curies":[{"name":"wp","href":"https:\/\/api.w.org\/{rel}","templated":true}]}}