{"id":138862,"date":"2015-05-21T17:43:57","date_gmt":"2015-05-21T15:43:57","guid":{"rendered":"http:\/\/www.fuldaer-nachrichten.de\/?p=138862"},"modified":"2015-05-21T17:43:57","modified_gmt":"2015-05-21T15:43:57","slug":"minderwertiges-land-durch-beziehungen-in-wertvolle-waldflaeche-umgewandelt","status":"publish","type":"post","link":"https:\/\/www.fuldaernachrichten.de\/?p=138862","title":{"rendered":"Minderwertiges Land durch Beziehungen in wertvolle Waldfl\u00e4che umgewandelt"},"content":{"rendered":"<p>Die SPD ist mit ihrem Antrag gescheitert, ein neues umfassendes Gutachten in Auftrag zu geben, um Zweifel am Wert eines Gersfelder Waldst\u00fcckes (ehemalige M\u00fclldeponie und ein Schie\u00dfstand), das mit Waldfl\u00e4chen von Hessen-Forst getauscht werden soll, auszur\u00e4umen, bedauert die SPD-Landtagsabgeordnete Sabine Waschke.<\/p>\n<p>Nun erh\u00e4lt ein privater Waldbesitzer bei Gersfeld eine hochwertige Waldfl\u00e4che vom Hessenforst f\u00fcr sein minderwertiges Land. Denn der belastete Schie\u00dfstand wird gegen wertvolle Waldfl\u00e4che zu Lasten der Steuerzahler getauscht. Die ehemalige M\u00fclldeponie wurde aufgrund unseres Antrages und der Diskussion dar\u00fcber aus der Tauschfl\u00e4che heraus genommen.<\/p>\n<p>Auf der Oppositionsbank hatten die Gr\u00fcnen im Kreistag noch erkl\u00e4rt: &#8220;Es darf doch nicht sein, dass durch ein geschicktes Man\u00f6ver und unter Ausnutzung von Beziehungen minderwertige und belastete Fl\u00e4chen in naturschutzfachlich wertvolle Grundst\u00fccke umgewandelt und gegen gutes Land getauscht werden k\u00f6nnen, die dem Land Hessen und der Allgemeinheit geh\u00f6ren. Wir Gr\u00fcnen werden keine Ruhe geben, bis diese uns\u00e4gliche Angelegenheit endlich gekl\u00e4rt ist&#8221;.<\/p>\n<p>Kaum in der hessischen Regierungsverantwortung, wollen die Gr\u00fcnen davon nichts mehr wissen. Pl\u00f6tzlich ist die \u201e\u00d6kopartei\u201c auch nicht mehr an der Aufkl\u00e4rung der \u201euns\u00e4glichen Angelegenheit\u201c interessiert, res\u00fcmiert die Abgeordnete Waschke.<\/p>\n<p>Weil dem so ist, schmetterten CDU und Gr\u00fcne dieser Tage im Haushaltsausschuss des Hessischen Landtags den Antrag der SPD auf Begutachtung der belasteten Waldfl\u00e4chen bei Gersfeld ab. Pech f\u00fcr die Allgemeinheit, die den Schaden tragen muss!<\/p>\n","protected":false},"excerpt":{"rendered":"<div class=\"tmnf_excerpt\"><p>Die SPD ist mit ihrem Antrag gescheitert, ein neues umfassendes Gutachten in Auftrag zu geben, um Zweifel am Wert eines Gersfelder Waldst\u00fcckes (ehemalige M\u00fclldeponie und ein Schie\u00dfstand), das mit Waldfl\u00e4chen von Hessen-Forst getauscht werden soll, auszur\u00e4umen, bedauert die SPD-Landtagsabgeordnete Sabine Waschke. Nun erh\u00e4lt ein privater Waldbesitzer bei Gersfeld eine hochwertige Waldfl\u00e4che vom Hessenforst f\u00fcr sein &hellip;<\/p>\n<\/div>","protected":false},"author":1,"featured_media":0,"comment_status":"closed","ping_status":"closed","sticky":false,"template":"","format":"standard","meta":{"footnotes":""},"categories":[29],"tags":[],"class_list":["post-138862","post","type-post","status-publish","format-standard","hentry","category-politik"],"_links":{"self":[{"href":"https:\/\/www.fuldaernachrichten.de\/index.php?rest_route=\/wp\/v2\/posts\/138862","targetHints":{"allow":["GET"]}}],"collection":[{"href":"https:\/\/www.fuldaernachrichten.de\/index.php?rest_route=\/wp\/v2\/posts"}],"about":[{"href":"https:\/\/www.fuldaernachrichten.de\/index.php?rest_route=\/wp\/v2\/types\/post"}],"author":[{"embeddable":true,"href":"https:\/\/www.fuldaernachrichten.de\/index.php?rest_route=\/wp\/v2\/users\/1"}],"replies":[{"embeddable":true,"href":"https:\/\/www.fuldaernachrichten.de\/index.php?rest_route=%2Fwp%2Fv2%2Fcomments&post=138862"}],"version-history":[{"count":1,"href":"https:\/\/www.fuldaernachrichten.de\/index.php?rest_route=\/wp\/v2\/posts\/138862\/revisions"}],"predecessor-version":[{"id":138863,"href":"https:\/\/www.fuldaernachrichten.de\/index.php?rest_route=\/wp\/v2\/posts\/138862\/revisions\/138863"}],"wp:attachment":[{"href":"https:\/\/www.fuldaernachrichten.de\/index.php?rest_route=%2Fwp%2Fv2%2Fmedia&parent=138862"}],"wp:term":[{"taxonomy":"category","embeddable":true,"href":"https:\/\/www.fuldaernachrichten.de\/index.php?rest_route=%2Fwp%2Fv2%2Fcategories&post=138862"},{"taxonomy":"post_tag","embeddable":true,"href":"https:\/\/www.fuldaernachrichten.de\/index.php?rest_route=%2Fwp%2Fv2%2Ftags&post=138862"}],"curies":[{"name":"wp","href":"https:\/\/api.w.org\/{rel}","templated":true}]}}