{"id":138861,"date":"2015-05-21T17:44:25","date_gmt":"2015-05-21T15:44:25","guid":{"rendered":"http:\/\/www.fuldaer-nachrichten.de\/?p=138861"},"modified":"2015-05-21T17:44:25","modified_gmt":"2015-05-21T15:44:25","slug":"das-land-hessen-foerdert-die-bad-hersfelder-festspiele-mit-zusaetzlichen-300-000-euro","status":"publish","type":"post","link":"https:\/\/www.fuldaernachrichten.de\/?p=138861","title":{"rendered":"Das Land Hessen f\u00f6rdert die Bad Hersfelder Festspiele mit zus\u00e4tzlichen 300.000 Euro"},"content":{"rendered":"<p>Das Land Hessen f\u00f6rdert die Bad Hersfelder Festspiele in diesem Jahr mit zus\u00e4tzlichen Mitteln in H\u00f6he von 300.000 Euro. Das geht aus dem Bewilligungsbescheid hervor, den die Kreisstadt jetzt aus dem Ministerium f\u00fcr Wissenschaft und Kunst bekommen hat. Damit wurde die bisherige Landesf\u00f6rderung f\u00fcr die Festspiele in diesem Jahr deutlich aufgestockt.<\/p>\n<p>Bad Hersfelds B\u00fcrgermeister Thomas Fehling dankte der Landesregierung f\u00fcr die verst\u00e4rkte Unterst\u00fctzung. \u201eHoch erfreut und gl\u00fccklich\u201c sei er, dass man mit den Zukunftsplanungen auf offene Ohren in Wiesbaden gesto\u00dfen ist. \u201eDie Festspiele unter der neuen Intendanz von Dieter Wedel sollen zum kulturellen Leuchtturm des Bundeslandes Hessen werden.\u201c<\/p>\n<p>Voraussetzung f\u00fcr die zus\u00e4tzliche F\u00f6rderung durch das Land Hessen war ein eigenes Engagement der Stadt in gleicher H\u00f6he gewesen. Diese Entscheidung hatten die Bad Hersfelder Stadtverordneten mit einer gro\u00dfen Zwei-Drittel-Mehrheit Ende April getroffen \u2013 und damit den Weg f\u00fcr die Verdoppelung der Mittel freigemacht.<\/p>\n<p>Auch Stefan Pruschwitz, kaufm\u00e4nnischer Leiter der Bad Hersfelder Festspiele, wertet den gesteigerten Einsatz des Landes dankbar als \u201etolles Bekenntnis zum Wedel-Konzept und zum Festspielort Bad Hersfeld. Die Landesregierung unterst\u00fctzt unseren gemeinsamen Anspruch, den Bad Hersfelder Festspielen wieder zu gr\u00f6\u00dferem Renommee zu verhelfen.\u201c<\/p>\n","protected":false},"excerpt":{"rendered":"<div class=\"tmnf_excerpt\"><p>Das Land Hessen f\u00f6rdert die Bad Hersfelder Festspiele in diesem Jahr mit zus\u00e4tzlichen Mitteln in H\u00f6he von 300.000 Euro. Das geht aus dem Bewilligungsbescheid hervor, den die Kreisstadt jetzt aus dem Ministerium f\u00fcr Wissenschaft und Kunst bekommen hat. Damit wurde die bisherige Landesf\u00f6rderung f\u00fcr die Festspiele in diesem Jahr deutlich aufgestockt. Bad Hersfelds B\u00fcrgermeister Thomas &hellip;<\/p>\n<\/div>","protected":false},"author":1,"featured_media":0,"comment_status":"closed","ping_status":"closed","sticky":false,"template":"","format":"standard","meta":{"footnotes":""},"categories":[1,44,29],"tags":[],"class_list":["post-138861","post","type-post","status-publish","format-standard","hentry","category-startseite","category-kultur","category-politik"],"_links":{"self":[{"href":"https:\/\/www.fuldaernachrichten.de\/index.php?rest_route=\/wp\/v2\/posts\/138861","targetHints":{"allow":["GET"]}}],"collection":[{"href":"https:\/\/www.fuldaernachrichten.de\/index.php?rest_route=\/wp\/v2\/posts"}],"about":[{"href":"https:\/\/www.fuldaernachrichten.de\/index.php?rest_route=\/wp\/v2\/types\/post"}],"author":[{"embeddable":true,"href":"https:\/\/www.fuldaernachrichten.de\/index.php?rest_route=\/wp\/v2\/users\/1"}],"replies":[{"embeddable":true,"href":"https:\/\/www.fuldaernachrichten.de\/index.php?rest_route=%2Fwp%2Fv2%2Fcomments&post=138861"}],"version-history":[{"count":1,"href":"https:\/\/www.fuldaernachrichten.de\/index.php?rest_route=\/wp\/v2\/posts\/138861\/revisions"}],"predecessor-version":[{"id":138865,"href":"https:\/\/www.fuldaernachrichten.de\/index.php?rest_route=\/wp\/v2\/posts\/138861\/revisions\/138865"}],"wp:attachment":[{"href":"https:\/\/www.fuldaernachrichten.de\/index.php?rest_route=%2Fwp%2Fv2%2Fmedia&parent=138861"}],"wp:term":[{"taxonomy":"category","embeddable":true,"href":"https:\/\/www.fuldaernachrichten.de\/index.php?rest_route=%2Fwp%2Fv2%2Fcategories&post=138861"},{"taxonomy":"post_tag","embeddable":true,"href":"https:\/\/www.fuldaernachrichten.de\/index.php?rest_route=%2Fwp%2Fv2%2Ftags&post=138861"}],"curies":[{"name":"wp","href":"https:\/\/api.w.org\/{rel}","templated":true}]}}