{"id":138850,"date":"2015-05-21T17:41:46","date_gmt":"2015-05-21T15:41:46","guid":{"rendered":"http:\/\/www.fuldaer-nachrichten.de\/?p=138850"},"modified":"2015-05-21T17:41:46","modified_gmt":"2015-05-21T15:41:46","slug":"kolping-lichtergottesdienst-mit-blitz-und-donner-weithin-angekuendigt","status":"publish","type":"post","link":"https:\/\/www.fuldaernachrichten.de\/?p=138850","title":{"rendered":"Kolping-Lichtergottesdienst &#8211; mit Blitz und Donner weithin angek\u00fcndigt &#8211;"},"content":{"rendered":"<p>Nicht mit Pauken und Trompeten der Wallfahrtskapelle sondern im wahrsten Sinne des Wortes mit Blitz und Donner und starkem Gewitterregen wurde der Kolping-Lichtergottesdienst am vergangenen Wochenende \u00fcber Fulda angek\u00fcndigt.<\/p>\n<p>Der schon traditionelle und mit gro\u00dfen Teilnehmerzahlen besuchte Kolping-Lichtergottesdienst zu Beginn des Marienmonats Mai musste von der Mariengrotte im Park in die Kapelle des Fuldaer Theresienheimes verlegt werden. Starker Gewitterregen bei den Aufbauarbeiten an der Mariengrotte zwang das Aufbauteam zu einem Umzug in die hauseigene Kapelle.<\/p>\n<p>Pfarrer Christian Schmitt, Fulda, zelebrierte die Messfeier am Vorabend des Muttertages in der wundersch\u00f6n illuminierten Kapelle die bis auf den letzten Platz gef\u00fcllt war. Durch brennende rote Windlichter strahlte sie in besonderer Atmosph\u00e4re. Die musikalische Gestaltung oblag den Musikern der \u201cWallfahrtskapelle\u00e2\u20ac\u009d aus dem S\u00fcdkreis, die allj\u00e4hrlich die Wallfahrt von Niederkalbach zum Maria Ehrenberg begleiten.<\/p>\n<p>In seiner Predigtbetrachtung hatte er die Gottesdienstteilnehmer mit der Aufforderung Christi \u201eBleibt in der Osterfreude\u201c und \u201eIch kenne die Meinen\u201c aus dem Tagesevangelium mit auf den Weg genommen. Diese Aussagen k\u00f6nnen heute f\u00fcr unsere Gesellschaft beispielgebend auch pr\u00e4gend f\u00fcr uns Menschen sein. Unser eigener Lebensweg k\u00f6nne damit nur reicher und wertvoller werden so Schmitt.<\/p>\n<p>Mit Dankesworten des Bezirksvorsitzenden Werner Reck, Kalbach, bei Pfarrer Christian Schmitt mit einem &#8220;www&#8221; Geschenk= Wein, Wurst und Weck, stilecht \u00fcberreicht in einem Altkleidersack von Kolping, den Musikanten, den Bannertr\u00e4gern, sowie Schwester Pia-Maria f\u00fcr die Bereitstellung der Kapelle und die zahlreichen Gottesdienstbesucher schloss der Lichtergottesdienst.<br \/>\nIm Bezirksverband Neuhof des Kolpingwerkes arbeiten die Kolpingfamilien Neuhof, Giesel, Niederkalbach, Flieden und Schl\u00fcchtern mit rund 500 Mitgliedern zusammen.<\/p>\n","protected":false},"excerpt":{"rendered":"<div class=\"tmnf_excerpt\"><p>Nicht mit Pauken und Trompeten der Wallfahrtskapelle sondern im wahrsten Sinne des Wortes mit Blitz und Donner und starkem Gewitterregen wurde der Kolping-Lichtergottesdienst am vergangenen Wochenende \u00fcber Fulda angek\u00fcndigt. Der schon traditionelle und mit gro\u00dfen Teilnehmerzahlen besuchte Kolping-Lichtergottesdienst zu Beginn des Marienmonats Mai musste von der Mariengrotte im Park in die Kapelle des Fuldaer Theresienheimes &hellip;<\/p>\n<\/div>","protected":false},"author":1,"featured_media":138853,"comment_status":"closed","ping_status":"closed","sticky":false,"template":"","format":"standard","meta":{"footnotes":""},"categories":[1,50],"tags":[],"class_list":["post-138850","post","type-post","status-publish","format-standard","has-post-thumbnail","hentry","category-startseite","category-kirche"],"_links":{"self":[{"href":"https:\/\/www.fuldaernachrichten.de\/index.php?rest_route=\/wp\/v2\/posts\/138850","targetHints":{"allow":["GET"]}}],"collection":[{"href":"https:\/\/www.fuldaernachrichten.de\/index.php?rest_route=\/wp\/v2\/posts"}],"about":[{"href":"https:\/\/www.fuldaernachrichten.de\/index.php?rest_route=\/wp\/v2\/types\/post"}],"author":[{"embeddable":true,"href":"https:\/\/www.fuldaernachrichten.de\/index.php?rest_route=\/wp\/v2\/users\/1"}],"replies":[{"embeddable":true,"href":"https:\/\/www.fuldaernachrichten.de\/index.php?rest_route=%2Fwp%2Fv2%2Fcomments&post=138850"}],"version-history":[{"count":1,"href":"https:\/\/www.fuldaernachrichten.de\/index.php?rest_route=\/wp\/v2\/posts\/138850\/revisions"}],"predecessor-version":[{"id":138854,"href":"https:\/\/www.fuldaernachrichten.de\/index.php?rest_route=\/wp\/v2\/posts\/138850\/revisions\/138854"}],"wp:featuredmedia":[{"embeddable":true,"href":"https:\/\/www.fuldaernachrichten.de\/index.php?rest_route=\/wp\/v2\/media\/138853"}],"wp:attachment":[{"href":"https:\/\/www.fuldaernachrichten.de\/index.php?rest_route=%2Fwp%2Fv2%2Fmedia&parent=138850"}],"wp:term":[{"taxonomy":"category","embeddable":true,"href":"https:\/\/www.fuldaernachrichten.de\/index.php?rest_route=%2Fwp%2Fv2%2Fcategories&post=138850"},{"taxonomy":"post_tag","embeddable":true,"href":"https:\/\/www.fuldaernachrichten.de\/index.php?rest_route=%2Fwp%2Fv2%2Ftags&post=138850"}],"curies":[{"name":"wp","href":"https:\/\/api.w.org\/{rel}","templated":true}]}}