{"id":138842,"date":"2015-05-21T17:39:56","date_gmt":"2015-05-21T15:39:56","guid":{"rendered":"http:\/\/www.fuldaer-nachrichten.de\/?p=138842"},"modified":"2015-05-21T17:39:56","modified_gmt":"2015-05-21T15:39:56","slug":"bdkj-jugendgottesdienst-am-31-mai-2015","status":"publish","type":"post","link":"https:\/\/www.fuldaernachrichten.de\/?p=138842","title":{"rendered":"BDKJ-Jugendgottesdienst am 31. Mai 2015"},"content":{"rendered":"<p>Der Bund der Deutschen Katholischen Jugend (BDKJ) l\u00e4dt f\u00fcr Sonntag, 31.05.2015, um 18.30 Uhr zu einem Gottesdienst f\u00fcr Jugendliche in die Pfarrkirche St. Paulus in Fulda (Goerdelerstra\u00dfe) ein. Zelebrant ist Di\u00f6zesanjugendpfarrer Thomas Renze, inhaltlich und musikalische wird der Gottesdienst von der KSJ (Katholische Studierende Jugend) gestaltet.<\/p>\n<p>Der Bund der Deutschen katholischen Jugend (BDKJ) im Bistum Fulda unterst\u00fctzt junge Menschen bei ihrer pers\u00f6nlichen Entwicklung und Wegfindung. Er bietet u.a. Bildungsurlaubs\u00c2\u00adseminare an und ist Tr\u00e4ger der Freiwilligendienste FSJ und BFD. Als Dachverband vertritt er bistumsweit in Kirche, Politik und Gesellschaft die Interessen von ca. 6400 Mitgliedern der katholischen Jugendverb\u00e4nde: DPSG (Deutsche Pfadfinderschaft St. Georg), JAA (Junge Aktion der Ackermanngemeinde), J-GCL (Jugendverb\u00e4nde der Gemeinschaft Christlichen Lebens), KjG (Kath. Junge Gemeinde), KLJB (Kath. Landjugendbewegung), KSJ (Kath. Studierende Jugend), Malteser Jugend und Kolpingjugend, sowie der DjK (Deutsche Jugendkraft) als Anschluss\u00c2\u00adverband.<\/p>\n","protected":false},"excerpt":{"rendered":"<div class=\"tmnf_excerpt\"><p>Der Bund der Deutschen Katholischen Jugend (BDKJ) l\u00e4dt f\u00fcr Sonntag, 31.05.2015, um 18.30 Uhr zu einem Gottesdienst f\u00fcr Jugendliche in die Pfarrkirche St. Paulus in Fulda (Goerdelerstra\u00dfe) ein. Zelebrant ist Di\u00f6zesanjugendpfarrer Thomas Renze, inhaltlich und musikalische wird der Gottesdienst von der KSJ (Katholische Studierende Jugend) gestaltet. Der Bund der Deutschen katholischen Jugend (BDKJ) im Bistum &hellip;<\/p>\n<\/div>","protected":false},"author":1,"featured_media":0,"comment_status":"closed","ping_status":"closed","sticky":false,"template":"","format":"standard","meta":{"footnotes":""},"categories":[1,50],"tags":[],"class_list":["post-138842","post","type-post","status-publish","format-standard","hentry","category-startseite","category-kirche"],"_links":{"self":[{"href":"https:\/\/www.fuldaernachrichten.de\/index.php?rest_route=\/wp\/v2\/posts\/138842","targetHints":{"allow":["GET"]}}],"collection":[{"href":"https:\/\/www.fuldaernachrichten.de\/index.php?rest_route=\/wp\/v2\/posts"}],"about":[{"href":"https:\/\/www.fuldaernachrichten.de\/index.php?rest_route=\/wp\/v2\/types\/post"}],"author":[{"embeddable":true,"href":"https:\/\/www.fuldaernachrichten.de\/index.php?rest_route=\/wp\/v2\/users\/1"}],"replies":[{"embeddable":true,"href":"https:\/\/www.fuldaernachrichten.de\/index.php?rest_route=%2Fwp%2Fv2%2Fcomments&post=138842"}],"version-history":[{"count":1,"href":"https:\/\/www.fuldaernachrichten.de\/index.php?rest_route=\/wp\/v2\/posts\/138842\/revisions"}],"predecessor-version":[{"id":138848,"href":"https:\/\/www.fuldaernachrichten.de\/index.php?rest_route=\/wp\/v2\/posts\/138842\/revisions\/138848"}],"wp:attachment":[{"href":"https:\/\/www.fuldaernachrichten.de\/index.php?rest_route=%2Fwp%2Fv2%2Fmedia&parent=138842"}],"wp:term":[{"taxonomy":"category","embeddable":true,"href":"https:\/\/www.fuldaernachrichten.de\/index.php?rest_route=%2Fwp%2Fv2%2Fcategories&post=138842"},{"taxonomy":"post_tag","embeddable":true,"href":"https:\/\/www.fuldaernachrichten.de\/index.php?rest_route=%2Fwp%2Fv2%2Ftags&post=138842"}],"curies":[{"name":"wp","href":"https:\/\/api.w.org\/{rel}","templated":true}]}}