{"id":138840,"date":"2015-05-21T17:39:08","date_gmt":"2015-05-21T15:39:08","guid":{"rendered":"http:\/\/www.fuldaer-nachrichten.de\/?p=138840"},"modified":"2015-05-21T17:39:08","modified_gmt":"2015-05-21T15:39:08","slug":"mitgliederversammlung-der-bildungs-u-begegnungsstaette-muetterzentrum-e-v-die-muetze-2-vorstand-und-kassenwart-neu-gewaehlt","status":"publish","type":"post","link":"https:\/\/www.fuldaernachrichten.de\/?p=138840","title":{"rendered":"Mitgliederversammlung der Bildungs- u. Begegnungsst\u00e4tte M\u00fctterzentrum e. V. \u201eDie M\u00dcTZE\u201c \u2013 2. Vorstand und Kassenwart neu gew\u00e4hlt"},"content":{"rendered":"<p>Der Vorstand des M\u00fctterzentrums konnte auf ein positives Jahr zur\u00fcckblicken. Eine Vielzahl an Offenen Treffs bzw. Eltern-Kind-Gruppen, Vortr\u00e4gen und Workshops, Kreativkursen, Weiterbildungs- und PC Kursen, Kinderkursen sowie Kinderbetreuungsgruppen wurden von Kindern, Erwachsenen und Senioren gut besucht. Viele besondere Veranstaltungen wie \u201eM\u00dcTZE on Tour\u201c, Extra-Ferienwoche f\u00fcr Grundschulkinder in den Sommerferien, eine Halloween\u00fcbernachtung, ein St.-Martinsumzug f\u00fcr Familien mit kleinen Kindern und ein Besuch der Frankfurter Buchmesse fanden statt.<\/p>\n<p>Die Samstagskinderbetreuung f\u00fcr Kinder im Alter von 3 &#8211; 10 Jahren in Kooperation mit dem Netzwerk f\u00fcr Alleinerziehende in Stadt und Landkreis Fulda fand nur bis einschlie\u00dflich Juli 2014 statt, da das Projekt aufgrund wenig Nachfrage leider eingestellt wurde. Bei entsprechendem Bedarf kann es jedoch jeder Zeit wiederbelebt werden. Die Mitgliederzahl des Vereins ist mit 180 Mitgliedsfamilien im Vergleich zum Vorjahr leicht zur\u00fcckgegangen.<br \/>\nDas M\u00fctterzentrum engagierte sich auch 2014 in diversen Gremien der Stadt Fulda und des Landkreises und steht in guter Kooperation mit anderen Organisationen und \u00c4mtern, die sich im Bereich Familie engagieren. F\u00fcr 2015 plant der Verein das aktive Mitgestalten der Sozialen Stadt im Stadtteil mit seinem Angebot und in engerer Zusammenarbeit mit der Dt. Familienstiftung\/Familienschule und dem BDH.<br \/>\nDa ein erweitertes qualifiziertes Angebot auch Mehrkosten verursacht, ist der Verein auch weiterhin auf Spender und Sponsoren angewiesen, die die Arbeit des M\u00fctterzentrums unterst\u00fctzen.<\/p>\n<p>Der Jahresbericht fasst alle Aktivit\u00e4ten von 2014 des M\u00fctterzentrums zusammen, und kann auf der Homepage des Vereins unter www.muetze-fulda.de nachgelesen werden.<\/p>\n<p>F\u00fcr ihre 20-j\u00e4hrige Mitgliedschaft im Verein ehrte der Vorstand im Rahmen der Mitgliederversammlung vier Mitglieder, unter anderem Michaela Gutberlet, Gaby Conrad und Andrea Luley-Kempf.<\/p>\n<p>Nach Vorlage des Haushaltsplanes 2015, des Jahresberichtes 2014, des Kassenberichtes 2014 und Entlastung des Vorstands stand die Wahl des 2. Vorstandes und des Kassenwartes an. Als 2. Vorsitzende wurde Mojdah Talash gew\u00e4hlt und als Kassenwartin wurde Mareike Prinzhorn erneut wieder gew\u00e4hlt.<\/p>\n<p>Der Vorstand setzt sich nun wie folgt zusammen:<\/p>\n<p>Vorstand:<br \/>\n1. Vorsitzende: \u00c2\u00a0\u00c2\u00a0 \u00c2\u00a0Marina Spruck<br \/>\n2. Vorsitzende:\u00c2\u00a0\u00c2\u00a0 \u00c2\u00a0Mojdah Talash<br \/>\nKassenwartin:\u00c2\u00a0\u00c2\u00a0 \u00c2\u00a0Mareike Prinzhorn<\/p>\n","protected":false},"excerpt":{"rendered":"<div class=\"tmnf_excerpt\"><p>Der Vorstand des M\u00fctterzentrums konnte auf ein positives Jahr zur\u00fcckblicken. Eine Vielzahl an Offenen Treffs bzw. Eltern-Kind-Gruppen, Vortr\u00e4gen und Workshops, Kreativkursen, Weiterbildungs- und PC Kursen, Kinderkursen sowie Kinderbetreuungsgruppen wurden von Kindern, Erwachsenen und Senioren gut besucht. Viele besondere Veranstaltungen wie \u201eM\u00dcTZE on Tour\u201c, Extra-Ferienwoche f\u00fcr Grundschulkinder in den Sommerferien, eine Halloween\u00fcbernachtung, ein St.-Martinsumzug f\u00fcr Familien &hellip;<\/p>\n<\/div>","protected":false},"author":1,"featured_media":138843,"comment_status":"closed","ping_status":"closed","sticky":false,"template":"","format":"standard","meta":{"footnotes":""},"categories":[1],"tags":[],"class_list":["post-138840","post","type-post","status-publish","format-standard","has-post-thumbnail","hentry","category-startseite"],"_links":{"self":[{"href":"https:\/\/www.fuldaernachrichten.de\/index.php?rest_route=\/wp\/v2\/posts\/138840","targetHints":{"allow":["GET"]}}],"collection":[{"href":"https:\/\/www.fuldaernachrichten.de\/index.php?rest_route=\/wp\/v2\/posts"}],"about":[{"href":"https:\/\/www.fuldaernachrichten.de\/index.php?rest_route=\/wp\/v2\/types\/post"}],"author":[{"embeddable":true,"href":"https:\/\/www.fuldaernachrichten.de\/index.php?rest_route=\/wp\/v2\/users\/1"}],"replies":[{"embeddable":true,"href":"https:\/\/www.fuldaernachrichten.de\/index.php?rest_route=%2Fwp%2Fv2%2Fcomments&post=138840"}],"version-history":[{"count":1,"href":"https:\/\/www.fuldaernachrichten.de\/index.php?rest_route=\/wp\/v2\/posts\/138840\/revisions"}],"predecessor-version":[{"id":138844,"href":"https:\/\/www.fuldaernachrichten.de\/index.php?rest_route=\/wp\/v2\/posts\/138840\/revisions\/138844"}],"wp:featuredmedia":[{"embeddable":true,"href":"https:\/\/www.fuldaernachrichten.de\/index.php?rest_route=\/wp\/v2\/media\/138843"}],"wp:attachment":[{"href":"https:\/\/www.fuldaernachrichten.de\/index.php?rest_route=%2Fwp%2Fv2%2Fmedia&parent=138840"}],"wp:term":[{"taxonomy":"category","embeddable":true,"href":"https:\/\/www.fuldaernachrichten.de\/index.php?rest_route=%2Fwp%2Fv2%2Fcategories&post=138840"},{"taxonomy":"post_tag","embeddable":true,"href":"https:\/\/www.fuldaernachrichten.de\/index.php?rest_route=%2Fwp%2Fv2%2Ftags&post=138840"}],"curies":[{"name":"wp","href":"https:\/\/api.w.org\/{rel}","templated":true}]}}