{"id":138832,"date":"2015-05-21T17:37:11","date_gmt":"2015-05-21T15:37:11","guid":{"rendered":"http:\/\/www.fuldaer-nachrichten.de\/?p=138832"},"modified":"2015-05-21T17:37:19","modified_gmt":"2015-05-21T15:37:19","slug":"wettbewerb-um-die-besten-konzepte-zur-weiterentwicklung-des-gesundheitswesens-ausgelobt","status":"publish","type":"post","link":"https:\/\/www.fuldaernachrichten.de\/?p=138832","title":{"rendered":"Wettbewerb um die besten Konzepte zur Weiterentwicklung des Gesundheitswesens ausgelobt"},"content":{"rendered":"<p>Der Hessische Gesundheitsminister Stefan Gr\u00fcttner gab heute den Startschuss f\u00fcr den Wettbewerb der Regionen, mit dem innovative Konzepte zur Weiterentwicklung des Gesundheitswesens ausgew\u00e4hlt und gef\u00f6rdert werden. Insgesamt investiert die Hessische Landesregierung 1,65 Mio. Euro von 2016 bis 2018. Bewerbungen k\u00f6nnen noch bis zum 25. September 2015 beim Hessischen Ministerium f\u00fcr Soziales und Integration eingereicht werden. Landkreise, kreisfreie St\u00e4dte und Gesundheitsinitiativen sind aufgerufen, sich am Wettbewerb zu beteiligen.<\/p>\n<p>\u201eDas Gesundheitswesen steht vor einem tiefgreifenden Wandel: Die demografische Entwicklung sowohl der Patienten als auch in der \u00c4rzteschaft und in den Pflegeberufen, das gestiegene Gesundheitsbewusstsein und die Individualisierung der Lebensstile werden das Gesundheitswesen nachhaltig \u00e4ndern\u201c, stellte Gr\u00fcttner die Herausforderung dar. \u201eDies erfordert zielgerichtete Ver\u00e4nderungen der bisherigen Strukturen im Gesundheitswesen. Neben einer st\u00e4rkeren Patientenorientierung bei der Akutversorgung besteht in einer \u00e4lter werdenden Gesellschaft k\u00fcnftig die wohl wichtigste Aufgabe in einer ad\u00e4quaten Versorgung von chronisch und mehrfach erkrankten Patientinnen und Patienten. Dabei ist zu ber\u00fccksichtigen, dass sich der demografische Wandel landesweit nicht gleichm\u00e4\u00dfig, sondern regional und lokal differenziert vollzieht.\u201c<\/p>\n<p>Damit auch k\u00fcnftig eine bedarfsgerechte und qualitativ hochwertige medizinische, pharmazeutische und pflegerische Gesundheitsversorgung m\u00f6glich ist, sind L\u00f6sungen notwendig, die sich aus der regionalen Entwicklung der Demografie und Morbidit\u00e4t der Bev\u00f6lkerung ergeben. Daher bedarf es regionaler Konzepte zur bedarfsgerechten Weiterentwicklung der gesundheitlichen Versorgung sowie neuer, innovativer Versorgungsformen.<\/p>\n<p>\u201eDie Hessische Landesregierung hat bereits im Jahr 2011 gemeinsam mit den Akteuren im Gesundheitswesen im Rahmen des Hessischen Gesundheitspaktes verschiedene F\u00f6rderinstrumente beschlossen\u201c, so Gr\u00fcttner. Hierzu geh\u00f6rten beispielsweise die F\u00f6rderung von regionalen Weiterbildungsverb\u00fcnden in der Allgemeinmedizin, die finanzielle Unterst\u00fctzung der Ansiedlung von \u00c4rztinnen und \u00c4rzten in Gebieten mit einem regionalem Versorgungsbedarf, die Durchf\u00fchrung von Modellprojekten zur Delegation von \u00e4rztlichen Leistungen und die Unterst\u00fctzung von Pendel- und Begleitdiensten f\u00fcr in der Mobilit\u00e4t eingeschr\u00e4nkte Patientinnen und Patienten.<\/p>\n<p>Dieses Ma\u00dfnahmenpaket wird seit M\u00e4rz 2015 \u00fcber den Hessischen Gesundheitspakt 2.0 thematisch erweitert und auf die sektoren\u00fcbergreifende Zusammenarbeit von Gesundheits- und Pflegeberufen fokussiert. Als eines der Ma\u00dfnahmen des Hessischen Gesundheitspaktes 2.0 f\u00f6rdert die Landesregierung den Auf- und Ausbau von regionalen Gesundheitsnetzen.<\/p>\n<p>Wie schon in der ersten F\u00f6rderperiode 2014\/ 2015 werden auch in den kommenden drei Jahren Modellregionen darin unterst\u00fctzt, sich innovativ den infrastrukturellen Herausforderungen des demografischen Wandels zu stellen und mit einer Regionalstrategie erforderliche Infrastrukturanpassungen vorausschauend und kooperativ zu gestalten. Derzeit werden neun Modellprojekte mit insgesamt 550.000 Euro j\u00e4hrlich unterst\u00fctzt. Beispielhaft stehen hierf\u00fcr der Gesundheits- und Pflegest\u00fctzpunkt im Landkreis Marburg-Biedenkopf, lokale Gesundheitsversorgungszentren im Landkreis Odenwald oder ein spezielles Demenzprojekt des Gesundheitsnetz Frankfurt eG.<\/p>\n<p>Bei allen Modellen handelt es sich um diskursive Prozesse in den hessischen Regionen, um sich zusammen mit der interessierten Bev\u00f6lkerung, den regionalen Akteuren im Gesundheitswesen und der Pflege sowie den Kommunen systematisch mit den Auswirkungen des demografischen Wandels auf die verschiedenen Infrastrukturbereiche des Gesundheitswesens auseinanderzusetzen, Szenarien und Anpassungsstrategien zu entwickeln, und deren Umsetzung politisch und organisatorisch sicherzustellen.<\/p>\n","protected":false},"excerpt":{"rendered":"<div class=\"tmnf_excerpt\"><p>Der Hessische Gesundheitsminister Stefan Gr\u00fcttner gab heute den Startschuss f\u00fcr den Wettbewerb der Regionen, mit dem innovative Konzepte zur Weiterentwicklung des Gesundheitswesens ausgew\u00e4hlt und gef\u00f6rdert werden. Insgesamt investiert die Hessische Landesregierung 1,65 Mio. Euro von 2016 bis 2018. Bewerbungen k\u00f6nnen noch bis zum 25. September 2015 beim Hessischen Ministerium f\u00fcr Soziales und Integration eingereicht werden. &hellip;<\/p>\n<\/div>","protected":false},"author":1,"featured_media":0,"comment_status":"closed","ping_status":"closed","sticky":false,"template":"","format":"standard","meta":{"footnotes":""},"categories":[1,51,29],"tags":[],"class_list":["post-138832","post","type-post","status-publish","format-standard","hentry","category-startseite","category-medizin","category-politik"],"_links":{"self":[{"href":"https:\/\/www.fuldaernachrichten.de\/index.php?rest_route=\/wp\/v2\/posts\/138832","targetHints":{"allow":["GET"]}}],"collection":[{"href":"https:\/\/www.fuldaernachrichten.de\/index.php?rest_route=\/wp\/v2\/posts"}],"about":[{"href":"https:\/\/www.fuldaernachrichten.de\/index.php?rest_route=\/wp\/v2\/types\/post"}],"author":[{"embeddable":true,"href":"https:\/\/www.fuldaernachrichten.de\/index.php?rest_route=\/wp\/v2\/users\/1"}],"replies":[{"embeddable":true,"href":"https:\/\/www.fuldaernachrichten.de\/index.php?rest_route=%2Fwp%2Fv2%2Fcomments&post=138832"}],"version-history":[{"count":1,"href":"https:\/\/www.fuldaernachrichten.de\/index.php?rest_route=\/wp\/v2\/posts\/138832\/revisions"}],"predecessor-version":[{"id":138835,"href":"https:\/\/www.fuldaernachrichten.de\/index.php?rest_route=\/wp\/v2\/posts\/138832\/revisions\/138835"}],"wp:attachment":[{"href":"https:\/\/www.fuldaernachrichten.de\/index.php?rest_route=%2Fwp%2Fv2%2Fmedia&parent=138832"}],"wp:term":[{"taxonomy":"category","embeddable":true,"href":"https:\/\/www.fuldaernachrichten.de\/index.php?rest_route=%2Fwp%2Fv2%2Fcategories&post=138832"},{"taxonomy":"post_tag","embeddable":true,"href":"https:\/\/www.fuldaernachrichten.de\/index.php?rest_route=%2Fwp%2Fv2%2Ftags&post=138832"}],"curies":[{"name":"wp","href":"https:\/\/api.w.org\/{rel}","templated":true}]}}