{"id":138826,"date":"2015-05-21T17:35:15","date_gmt":"2015-05-21T15:35:15","guid":{"rendered":"http:\/\/www.fuldaer-nachrichten.de\/?p=138826"},"modified":"2015-05-21T17:36:08","modified_gmt":"2015-05-21T15:36:08","slug":"aktiver-pfadfinderfruehling-durch-stufenunternehmungen-der-dpsg-im-bistum-fulda","status":"publish","type":"post","link":"https:\/\/www.fuldaernachrichten.de\/?p=138826","title":{"rendered":"Aktiver Pfadfinderfr\u00fchling durch Stufenunternehmungen der DPSG im Bistum Fulda"},"content":{"rendered":"<p><a href=\"http:\/\/www.fuldaer-nachrichten.de\/wp-content\/uploads\/2015\/05\/2015-05-20-Bild5.jpg\"><img fetchpriority=\"high\" decoding=\"async\" class=\"alignleft size-thumbnail wp-image-138828\" src=\"http:\/\/www.fuldaer-nachrichten.de\/wp-content\/uploads\/2015\/05\/2015-05-20-Bild5-265x199.jpg\" alt=\"2015-05-20 Bild5\" width=\"265\" height=\"199\" srcset=\"https:\/\/www.fuldaernachrichten.de\/wp-content\/uploads\/2015\/05\/2015-05-20-Bild5-265x199.jpg 265w, https:\/\/www.fuldaernachrichten.de\/wp-content\/uploads\/2015\/05\/2015-05-20-Bild5-600x450.jpg 600w, https:\/\/www.fuldaernachrichten.de\/wp-content\/uploads\/2015\/05\/2015-05-20-Bild5.jpg 900w\" sizes=\"(max-width: 265px) 100vw, 265px\" \/><\/a>F\u00fcr die verschiedenen Altersstufen in der Deutschen Pfadfinderschaft St. Georg (DPSG) gibt es spezifische Angebote, die altersangemessen pfadfinderische Inhalte vermitteln. Bei diesen Veranstaltungen, f\u00fcr die die Stufenarbeitskreise der DPSG im Bistum Fulda verantwortlich sind, treffen sich Kinder und Jugendliche der jeweiligen Stufe und deren Leiterinnen und Leiter aus dem ganzen Bistum.<\/p>\n<p>F\u00fcr die Jungpfadfinder (10-13 Jahre) fand ein Aktionstag unter dem Motto \u201eder Schatz des Klabautermanns\u201c am Werratalsee bei Eschwege statt. Dabei hatten die 60 Kinder aus Bad Orb, Marburg, Biebergem\u00fcnd-Wirtheim, Maintal, W\u00e4chtersbach, Witzenhausen und Fulda-Neuenberg die Aufgabe, in acht Gruppen schwimmf\u00e4hige Fl\u00f6\u00dfe aus LKW-Schl\u00e4uchen, Paletten und Seilen zu bauen.<\/p>\n<p>Unter der Betreuung von 20 Erwachsenen (incl. Rettungsschwimmern) fand nach dem Bau ein &#8220;Gel\u00e4ndespiel&#8221; auf dem See statt, bei dem die Gruppen an Bojen befestigte R\u00e4tsel l\u00f6sen und Schatzkarten einsammeln mussten und so den Schatz des Klabautermanns zu finden.<\/p>\n<p>Bei gutem Wetter hatten die Kinder sichtlichen Spa\u00df am Programm und freuten sich \u00fcber die Leuchtst\u00e4be in der Stufenfarbe blau, die es als Preise zu gewinnen gab. Seinen Ausklang fand der spannende Tag beim gemeinsamen Singen am gro\u00dfen Lagerfeuer.<\/p>\n<p>In Homberg\/Ohm fand das Stufenlager der Pfadfinder (13-16 Jahre) statt. Nach einem \u201eHike\u201c \u00fcber Nacht, einer pfadfindertypischen Wanderung in Gruppen mit Suche einer \u00dcbernachtungsm\u00f6glichkeit, vom Bahnhof Kirchhain zum Zeltplatz, standen am n\u00e4chsten Tag f\u00fcr die \u201ePfadis\u201c aus den St\u00e4mmen Bad Orb, Maintal, W\u00e4chtersbach und Witzenhausen die \u201eTribute von St. Georg\u201c auf dem Programm. Angelehnt an \u201edie Tribute von Panem\u201c hatte der Stufenarbeitskreis mit Nils G\u00e4dtke (Witzenhausen), Sebastian Becker und Michael Kempa (beide aus Bad Orb) und Eva Neumann (Ahl-Salm\u00fcnster) ein gro\u00dfes \u201eCapture the flag\u201c vorbereitet, in dem die verschiedenen Gruppen um den Sieg k\u00e4mpften. Dabei galt es zum einen, die \u201eTribute\u201c der eigenen Gruppe zu sch\u00fctzen, zum anderen mussten durch das L\u00f6sen verschiedener Aufgaben m\u00f6glichst viele \u201eLeben\u201c f\u00fcr die Gruppe erspielt werden.<\/p>\n<p>Am Samstagabend feierte Di\u00f6zesankurat Martin Stanke (Marburg) einen Gottesdienst unter freiem Himmel mit den 60 Jugendlichen. Dabei brachte er seine Freude \u00fcber die zahlreiche Teilnahme aus den St\u00e4mmen sowie seinen Dank an das Vorbereitungsteam und an die Leiterinnen und Leiter, die die Gruppen begleiteten, zum Ausdruck. Auch bei dieser Aktion durften Lagerfeuer und Gitarre nat\u00fcrlich ebenso wenig fehlen wie die \u00dcbernachtung in Pfadfinderzelten, dem \u201eSchwarzzeug\u201c.<\/p>\n<p>Rover (16-20 Jahre) aus Fulda-Neuenberg und aus Biebergem\u00fcnd-Wirtheim gingen gemeinsam mit dem Arbeitskreis f\u00fcr ein Wochenende in der Rh\u00f6n auf Hike. Dabei galt es nicht nur, das Material (Zelte, K\u00fcche etc.) zu verteilen und f\u00fcreinander zu tragen, sondern auch die Tagesziele und \u00dcbernachtungsorte gemeinsam festzulegen und gemeinsam die Verpflegung zu planen und zu kochen.<\/p>\n<p>Auf der Mehrtageswanderung gab es daneben noch verschiedene Aufgaben zu l\u00f6sen (\u201eStreichle ein Rh\u00f6nschaf!\u201c oder \u201eFotografiere den Sonnenuntergang vom Wachtk\u00fcppel aus!\u201c), die zum Teil auch die Strecke vorgaben. So wurden von Poppenhausen aus Wachtk\u00fcppel, Pferdskopf und die Ebersburg erklommen und am Pfadfinderzentrum in R\u00f6derhaid beendeten die Rover zwar m\u00fcde, aber sehr zufrieden die Tour.<\/p>\n<p>Jan Knoll (Rodenbach) vom Arbeitskreis zieht ein positives Fazit: \u201eWir wollten gemeinsam in der Natur unterwegs sein, ohne Ziel und Plan &#8211; einfach wandern, auf dem Weg sein. Und mit dieser Gruppe konnte das nur klappen. Wir hatten viel Spa\u00df \u2013 eine tolle Erfahrung!\u201c<\/p>\n","protected":false},"excerpt":{"rendered":"<div class=\"tmnf_excerpt\"><p>F\u00fcr die verschiedenen Altersstufen in der Deutschen Pfadfinderschaft St. Georg (DPSG) gibt es spezifische Angebote, die altersangemessen pfadfinderische Inhalte vermitteln. Bei diesen Veranstaltungen, f\u00fcr die die Stufenarbeitskreise der DPSG im Bistum Fulda verantwortlich sind, treffen sich Kinder und Jugendliche der jeweiligen Stufe und deren Leiterinnen und Leiter aus dem ganzen Bistum. F\u00fcr die Jungpfadfinder (10-13 &hellip;<\/p>\n<\/div>","protected":false},"author":1,"featured_media":138827,"comment_status":"closed","ping_status":"closed","sticky":false,"template":"","format":"standard","meta":{"footnotes":""},"categories":[1,72,50],"tags":[],"class_list":["post-138826","post","type-post","status-publish","format-standard","has-post-thumbnail","hentry","category-startseite","category-jugend","category-kirche"],"_links":{"self":[{"href":"https:\/\/www.fuldaernachrichten.de\/index.php?rest_route=\/wp\/v2\/posts\/138826","targetHints":{"allow":["GET"]}}],"collection":[{"href":"https:\/\/www.fuldaernachrichten.de\/index.php?rest_route=\/wp\/v2\/posts"}],"about":[{"href":"https:\/\/www.fuldaernachrichten.de\/index.php?rest_route=\/wp\/v2\/types\/post"}],"author":[{"embeddable":true,"href":"https:\/\/www.fuldaernachrichten.de\/index.php?rest_route=\/wp\/v2\/users\/1"}],"replies":[{"embeddable":true,"href":"https:\/\/www.fuldaernachrichten.de\/index.php?rest_route=%2Fwp%2Fv2%2Fcomments&post=138826"}],"version-history":[{"count":1,"href":"https:\/\/www.fuldaernachrichten.de\/index.php?rest_route=\/wp\/v2\/posts\/138826\/revisions"}],"predecessor-version":[{"id":138829,"href":"https:\/\/www.fuldaernachrichten.de\/index.php?rest_route=\/wp\/v2\/posts\/138826\/revisions\/138829"}],"wp:featuredmedia":[{"embeddable":true,"href":"https:\/\/www.fuldaernachrichten.de\/index.php?rest_route=\/wp\/v2\/media\/138827"}],"wp:attachment":[{"href":"https:\/\/www.fuldaernachrichten.de\/index.php?rest_route=%2Fwp%2Fv2%2Fmedia&parent=138826"}],"wp:term":[{"taxonomy":"category","embeddable":true,"href":"https:\/\/www.fuldaernachrichten.de\/index.php?rest_route=%2Fwp%2Fv2%2Fcategories&post=138826"},{"taxonomy":"post_tag","embeddable":true,"href":"https:\/\/www.fuldaernachrichten.de\/index.php?rest_route=%2Fwp%2Fv2%2Ftags&post=138826"}],"curies":[{"name":"wp","href":"https:\/\/api.w.org\/{rel}","templated":true}]}}