{"id":138825,"date":"2015-05-21T17:36:03","date_gmt":"2015-05-21T15:36:03","guid":{"rendered":"http:\/\/www.fuldaer-nachrichten.de\/?p=138825"},"modified":"2015-05-21T17:36:03","modified_gmt":"2015-05-21T15:36:03","slug":"schoen-wars-vernissage-im-vitanas-senioren-centrum","status":"publish","type":"post","link":"https:\/\/www.fuldaernachrichten.de\/?p=138825","title":{"rendered":"Sch\u00f6n war\u00e2\u20ac\u2122s: Vernissage im Vitanas Senioren Centrum"},"content":{"rendered":"<p>Das Vitanas Senioren Centrum Fulda Galerie freute sich am gestrigen Mittwochabend \u00fcber viele interessierte G\u00e4ste, die zur Vernissage von Edeltraut Mager kamen.<\/p>\n<p>Die K\u00fcnstlerin stellte ihre Werke pers\u00f6nlich im Rahmen eines Sektempfanges vor. Edeltraut Mager wurde 1949 in Herzberg\/Harz geboren, wohnt jedoch bereits seit 1967 in Fulda. Mehrere Jahre war sie Sch\u00fclerin der Freien Kunstakademie H\u00fcnfeld. Ihre Palette umfasst Spachtel-, \u00d6l-, Aquarell-, Tusche- und Kohlemaltechniken. Stilvollen Stra\u00dfenszenen und Landschaften verleiht sie in zarten und ruhigen Farbt\u00f6nen eine harmonische Atmosph\u00e4re. Aber auch lebendige Portraits geh\u00f6ren zu ihrem Repertoire. Viele ihrer Werke befinden sich in Privatbesitz, in mehreren Ausstellungen konnte man diese schon betrachten. Ihre Bilder sind noch bis zum 31. Juli 2015 im Vitanas Senioren Centrum ausgestellt und k\u00f6nnen t\u00e4glich zwischen 9.00 und 17.00 Uhr besichtigt werden. \u201eMalen ist mein Lebenselixier\u201c, freute sich die K\u00fcnstlerin \u00fcber die vielen G\u00e4ste zu ihrer Vernissage.<\/p>\n","protected":false},"excerpt":{"rendered":"<div class=\"tmnf_excerpt\"><p>Das Vitanas Senioren Centrum Fulda Galerie freute sich am gestrigen Mittwochabend \u00fcber viele interessierte G\u00e4ste, die zur Vernissage von Edeltraut Mager kamen. Die K\u00fcnstlerin stellte ihre Werke pers\u00f6nlich im Rahmen eines Sektempfanges vor. Edeltraut Mager wurde 1949 in Herzberg\/Harz geboren, wohnt jedoch bereits seit 1967 in Fulda. Mehrere Jahre war sie Sch\u00fclerin der Freien Kunstakademie &hellip;<\/p>\n<\/div>","protected":false},"author":1,"featured_media":138830,"comment_status":"closed","ping_status":"closed","sticky":false,"template":"","format":"standard","meta":{"footnotes":""},"categories":[1,51],"tags":[],"class_list":["post-138825","post","type-post","status-publish","format-standard","has-post-thumbnail","hentry","category-startseite","category-medizin"],"_links":{"self":[{"href":"https:\/\/www.fuldaernachrichten.de\/index.php?rest_route=\/wp\/v2\/posts\/138825","targetHints":{"allow":["GET"]}}],"collection":[{"href":"https:\/\/www.fuldaernachrichten.de\/index.php?rest_route=\/wp\/v2\/posts"}],"about":[{"href":"https:\/\/www.fuldaernachrichten.de\/index.php?rest_route=\/wp\/v2\/types\/post"}],"author":[{"embeddable":true,"href":"https:\/\/www.fuldaernachrichten.de\/index.php?rest_route=\/wp\/v2\/users\/1"}],"replies":[{"embeddable":true,"href":"https:\/\/www.fuldaernachrichten.de\/index.php?rest_route=%2Fwp%2Fv2%2Fcomments&post=138825"}],"version-history":[{"count":1,"href":"https:\/\/www.fuldaernachrichten.de\/index.php?rest_route=\/wp\/v2\/posts\/138825\/revisions"}],"predecessor-version":[{"id":138831,"href":"https:\/\/www.fuldaernachrichten.de\/index.php?rest_route=\/wp\/v2\/posts\/138825\/revisions\/138831"}],"wp:featuredmedia":[{"embeddable":true,"href":"https:\/\/www.fuldaernachrichten.de\/index.php?rest_route=\/wp\/v2\/media\/138830"}],"wp:attachment":[{"href":"https:\/\/www.fuldaernachrichten.de\/index.php?rest_route=%2Fwp%2Fv2%2Fmedia&parent=138825"}],"wp:term":[{"taxonomy":"category","embeddable":true,"href":"https:\/\/www.fuldaernachrichten.de\/index.php?rest_route=%2Fwp%2Fv2%2Fcategories&post=138825"},{"taxonomy":"post_tag","embeddable":true,"href":"https:\/\/www.fuldaernachrichten.de\/index.php?rest_route=%2Fwp%2Fv2%2Ftags&post=138825"}],"curies":[{"name":"wp","href":"https:\/\/api.w.org\/{rel}","templated":true}]}}