{"id":138817,"date":"2015-05-21T17:32:57","date_gmt":"2015-05-21T15:32:57","guid":{"rendered":"http:\/\/www.fuldaer-nachrichten.de\/?p=138817"},"modified":"2015-05-21T17:33:16","modified_gmt":"2015-05-21T15:33:16","slug":"hauptversammlung-beim-mittelhessen-e-v-mitglieder-bestaetigen-vorstand-und-sprechen-arbeit-des-regionalmanagements-das-vertrauen-aus","status":"publish","type":"post","link":"https:\/\/www.fuldaernachrichten.de\/?p=138817","title":{"rendered":"Hauptversammlung beim Mittelhessen e.V.: Mitglieder best\u00e4tigen Vorstand und sprechen Arbeit des Regionalmanagements das Vertrauen aus"},"content":{"rendered":"<p>Dr. Lars Witteck bleibt Vorsitzender des Mittelhessen e.V.. Die Mitglieder des Regionalvereins best\u00e4tigten den scheidenden RP in seinem Amt w\u00e4hrend der Hauptversammlung in der Gie\u00dfener Miller Hall am Mittwoch (20.5.15). Neben Witteck best\u00e4tigte die Versammlung auch die meisten gesch\u00e4ftsf\u00fchrenden Vorst\u00e4nde in Ihren Positionen. F\u00fcr Finanzvorstand G\u00fcnter Sedlak, der nicht mehr zur Wahl antrat, r\u00fcckte der Lautertaler B\u00fcrgermeister Heiko Stock nach. Witteck hatte vor kurzem seinen R\u00fcckzug vom Amt des Gie\u00dfener Regierungspr\u00e4sidenten zum kommenden Oktober angek\u00fcndigt. In einer Befragung, deren Ergebnis am Mittwoch vorgestellt wurde, attestierten die Vereinsmitglieder, darunter viele mittelhessische Institutionen und Unternehmen, dem Regionalmanagement gute Arbeit bei der Vernetzung der Region.<\/p>\n<p>Der Mittelhessen e.V, einer der Gesellschafter und wichtiger Ideengeber der Regionalmanagement Mittelhessen GmbH (RMG), hatte die Umfrage in Auftrag gegeben, um von den Mitgliedern eine Einsch\u00e4tzung der Arbeit des Regionalmanagements, der Entwicklung der Region und von \u201erelevanten Einflussfaktoren\u201c zu bekommen. Durchgef\u00fchrt hatte die Mitgliederbefragung Martin Lacroix, Wirtschaftswissenschaftler an der Justus-Liebig-Universit\u00e4t Gie\u00dfen, der die Auswertung am Mittwoch auch vorstellte. Es habe eine sehr hohe R\u00fccklaufquote gegeben, sagte Lacroix. Im Ergebnis werde den Veranstaltungen des Regionalmanagements eine \u201esehr hohe Qualit\u00e4t und Relevanz\u201c bescheinigt. Mehr als zwei Drittel der R\u00fcckl\u00e4ufer unter den Befragten stimmten der Aussage zu, dass &#8220;das Regionalmanagement die Vernetzung innerhalb der Region f\u00f6rdert&#8221;. Die \u201ehohen Zufriedenheitswerte best\u00e4tigen uns in unserer Arbeit\u201c, sagte RMG-Gesch\u00e4ftsf\u00fchrer Jens Ihle. Man freue sich \u00fcber das \u201epositive Feedback\u201c.<\/p>\n<p>Als \u201einsgesamt positiv\u201c, h\u00e4tten die Mittelhessen-Mitglieder die Entwicklung der Region in den vergangenen zwei Jahren bewertet. Neben einer hohen emotionalen Bindung zum eigenen Landkreis h\u00e4tten die Befragten angegeben, auch eine hohe emotionale Bindung an die Region Mittelhessen zu haben, sagte Lacroix. Der Arbeit des Regionalmanagements haben die Mitglieder demnach einen \u201esignifikanten Einfluss\u201c auf die Entwicklung Mittelhessens und auf die Bindung zu Region bescheinigt. Das Motto des Vereins, \u201eIm Dialog zum Erfolg\u201c, habe \u201eoffensichtlich funktioniert\u201c, sagte RMG-Gesch\u00e4ftsf\u00fchrer Ihle angesichts der Ergebnisse. An der Befragung hatten deutlich mehr als die H\u00e4lfte der mittlerweile 190 Vereinsmitglieder teilgenommen.<\/p>\n<p>Der alte und neue Vereinsvorsitzende Dr. Lars Witteck stellte in der Miller Hall die erfolgreiche Vereinsarbeit in den Vordergrund. Deutlich habe sich die Zahl der Mitglieder von 72 Anfang 2012 auf nun 190 erh\u00f6ht, ein Rekord und ein \u201emessbarer Erfolg\u201c, so Witteck. \u201eDas Ziel von 200 erreichen wir dieses Jahr mit Leichtigkeit\u201c. Aber auch inhaltlich habe sich der Mittelhessen e.V. profilieren k\u00f6nnen: Er hob dabei das Engagement des Vereins f\u00fcr eine Internationale Schule in Mittelhessen hervor. Eine Studie von Professor Jan Freidank an der Technischen Hochschule Mittelhessen (THM) habe dazu eine \u201eBedarfsanalyse\u201c geliefert und festgestellt, dass es hierzu \u201enur eine mittelhessische L\u00f6sung geben kann.\u201c Als n\u00e4chsten Schritt plant Witteck zu dem Thema nun Gespr\u00e4che mit dem Hessischen Kultusministerium.<\/p>\n<p>Auch historisch-kulturell engagiert sich der Verein mit einer \u201eRoute der Industriekultur\u201c. Das Projekt soll \u201eBewusstsein f\u00fcr das industrielle Erbe und die industrielle Wertsch\u00f6pfung in der Region\u201c schaffen. Hier habe das Projektteam mittlerweile eine Liste von Objekten \u201evom Industriedenkmal bis zu aktuellen Unternehmen, vom Bergbau \u00fcber das H\u00fcttenwesen, von der Energie bis zur Tonindustrie, vom Verkehr bis zum Werkswohnungsbau\u201c zusammengestellt. Auch die Veranstaltungen des Vereins, wie die Treffen des Netzwerks Wirtschaft, der Parlamentarische Abend im Schloss Weilburg mit der Vorstellung neuer Mittelhessen-Botschafter und die Kulturveranstaltung bei der Wetzlarer Leica Camera AG vor kurzem hob der Vereinsvorsitzende hervor. \u201eWir haben uns bem\u00fcht, im Dialog zusammen zu arbeiten\u201c, sagte Witteck.<\/p>\n<p>F\u00fcr die Regionalmanagement Mittelhessen GmbH ging Gesch\u00e4ftsf\u00fchrer Jens Ihle auf die Arbeit der Gesellschaft ein: Dazu z\u00e4hlen Aktionen im Bereich der Willkommenskultur wie den Newcomers Day f\u00fcr Fach- und F\u00fchrungskr\u00e4fte, der Gemeinschaftsstand auf der Immobilienmesse Expo Real, Initiativen bei der Fachkr\u00e4ftesicherung wie Mittelhessen Connect, aber auch die Zusammenarbeit mit der Wirtschaftsf\u00f6rderung des Landes Hessen, der Hessen Trade &amp; Invest GmbH (HTAI): Im Rahmen dieser Kooperation h\u00e4tten hochrangige Delegationen aus China, S\u00fcdkorea und Japan Mittelhessen besucht. \u201eDaraus sind konkrete Dialoge und Ansiedlungsanfragen entstanden\u201c, sagte Ihle.<\/p>\n<p>Bei den Wahlen zum gesch\u00e4ftsf\u00fchrenden Vorstand wurde neben Witteck auch der stellvertretende Vorsitzende Dr. Frank Schmidt best\u00e4tigt. Neuer Finanzvorstand ist Heiko Stock, B\u00fcrgermeister der Vogelsberg-Gemeinde Lautertal. Er l\u00f6st G\u00fcnter Sedlak von der Sparkasse Oberhessen ab, der nicht mehr antrat. Im Gesamtvorstand sitzen zudem Gunter Schneider (Gesch\u00e4ftsf\u00fchrer Schneider GmbH &amp; Co. KG), Thomas Janssen (Gesch\u00e4ftsf\u00fchrer Pharmaserv GmbH &amp; Co. KG), Dr. Frank Schmidt (B\u00fcrgermeister Gemeinde L\u00f6hnberg), Annegret Puttkammer (Pr\u00f6pstin Evangelische Kirche Hessen und Nassau) und Rolf Witezek (Vorstand Volksbank Mittelhessen eG). In den Aufsichtsrat der GmbH schickte der Verein Gunter Schneider. Als Kassenpr\u00fcfer w\u00e4hlte die Versammlung Manuela Giorgis (Agentur \u201eDie Marketingprofiler\u201c) sowie den Rechtsanwalt Wolfgang Hofmann.<\/p>\n<p>Zum Bild: Vorstand des Mittelhessen e.V. und RMG-Gesch\u00e4ftsf\u00fchrer (von links): Thomas Janssen (Gesch\u00e4ftsf\u00fchrer Pharmaserv GmbH &amp; Co. KG), Dr. Frank Schmidt (B\u00fcrgermeister Gemeinde L\u00f6hnberg), Heiko Stock (B\u00fcrgermeister Lautertal), Rolf Witezek (Vorstand Volksbank Mittelhessen eG), Annegret Puttkammer (Pr\u00f6pstin Evangelische Kirche Hessen und Nassau), Gunter Schneider (Gesch\u00e4ftsf\u00fchrer Schneider GmbH &amp; Co. KG), Jens Ihle (Gesch\u00e4ftsf\u00fchrer Regionalmanagement Mittelhessen GmbH) und Vorsitzender Dr. Lars Witteck.<\/p>\n<p>Das Regionalmanagement Mittelhessen st\u00e4rkt und vermarktet den Wirtschafts- und Hochschulstandort in der Mitte von Hessen. Der Schulterschluss aus Wirtschaft, Wissenschaft und Politik ist in den Themenfeldern Infrastruktur, Bildung und Fachkr\u00e4fte sowie Forschung und Innovation t\u00e4tig.<\/p>\n<p>In der Regionalmanagement Mittelhessen GmbH (RMG) haben sich 2013 alle Handwerkskammern, Hochschulen, Industrie- und Handelskammern, Landkreise und Oberzentren mit dem Verein Mittelhessen zusammen getan, um das seit 2003 bestehende Regionalmanagement weiter zu entwickeln, und Strategien f\u00fcr die Region zu planen und gemeinsam umzusetzen.<br \/>\nDer Verein Mittelhessen ist ein Gesellschafter der RMG. Unter dem Vorsitz von Dr. Lars Witteck bringen sich \u00fcber 180 Mitglieder in den regionalen Dialog ein, entwickeln Ideen und helfen bei der Umsetzung einer mittelhessischen Identit\u00e4t.<\/p>\n<p>Das Regionalmanagement wird von der Europ\u00e4ischen Union aus dem Europ\u00e4ischen Fonds f\u00fcr regionale Entwicklung kofinanziert. Mehr zur Region und zum Verein findet man auf der Webseite http:\/\/www.verein-mittelhessen.de.<\/p>\n","protected":false},"excerpt":{"rendered":"<div class=\"tmnf_excerpt\"><p>Dr. Lars Witteck bleibt Vorsitzender des Mittelhessen e.V.. Die Mitglieder des Regionalvereins best\u00e4tigten den scheidenden RP in seinem Amt w\u00e4hrend der Hauptversammlung in der Gie\u00dfener Miller Hall am Mittwoch (20.5.15). Neben Witteck best\u00e4tigte die Versammlung auch die meisten gesch\u00e4ftsf\u00fchrenden Vorst\u00e4nde in Ihren Positionen. F\u00fcr Finanzvorstand G\u00fcnter Sedlak, der nicht mehr zur Wahl antrat, r\u00fcckte der &hellip;<\/p>\n<\/div>","protected":false},"author":1,"featured_media":138818,"comment_status":"closed","ping_status":"closed","sticky":false,"template":"","format":"standard","meta":{"footnotes":""},"categories":[1,29],"tags":[],"class_list":["post-138817","post","type-post","status-publish","format-standard","has-post-thumbnail","hentry","category-startseite","category-politik"],"_links":{"self":[{"href":"https:\/\/www.fuldaernachrichten.de\/index.php?rest_route=\/wp\/v2\/posts\/138817","targetHints":{"allow":["GET"]}}],"collection":[{"href":"https:\/\/www.fuldaernachrichten.de\/index.php?rest_route=\/wp\/v2\/posts"}],"about":[{"href":"https:\/\/www.fuldaernachrichten.de\/index.php?rest_route=\/wp\/v2\/types\/post"}],"author":[{"embeddable":true,"href":"https:\/\/www.fuldaernachrichten.de\/index.php?rest_route=\/wp\/v2\/users\/1"}],"replies":[{"embeddable":true,"href":"https:\/\/www.fuldaernachrichten.de\/index.php?rest_route=%2Fwp%2Fv2%2Fcomments&post=138817"}],"version-history":[{"count":1,"href":"https:\/\/www.fuldaernachrichten.de\/index.php?rest_route=\/wp\/v2\/posts\/138817\/revisions"}],"predecessor-version":[{"id":138819,"href":"https:\/\/www.fuldaernachrichten.de\/index.php?rest_route=\/wp\/v2\/posts\/138817\/revisions\/138819"}],"wp:featuredmedia":[{"embeddable":true,"href":"https:\/\/www.fuldaernachrichten.de\/index.php?rest_route=\/wp\/v2\/media\/138818"}],"wp:attachment":[{"href":"https:\/\/www.fuldaernachrichten.de\/index.php?rest_route=%2Fwp%2Fv2%2Fmedia&parent=138817"}],"wp:term":[{"taxonomy":"category","embeddable":true,"href":"https:\/\/www.fuldaernachrichten.de\/index.php?rest_route=%2Fwp%2Fv2%2Fcategories&post=138817"},{"taxonomy":"post_tag","embeddable":true,"href":"https:\/\/www.fuldaernachrichten.de\/index.php?rest_route=%2Fwp%2Fv2%2Ftags&post=138817"}],"curies":[{"name":"wp","href":"https:\/\/api.w.org\/{rel}","templated":true}]}}