{"id":138802,"date":"2015-05-21T17:30:30","date_gmt":"2015-05-21T15:30:30","guid":{"rendered":"http:\/\/www.fuldaer-nachrichten.de\/?p=138802"},"modified":"2015-05-21T17:30:30","modified_gmt":"2015-05-21T15:30:30","slug":"es-gibt-auswege-aus-der-gewaltspirale","status":"publish","type":"post","link":"https:\/\/www.fuldaernachrichten.de\/?p=138802","title":{"rendered":"Es gibt Auswege aus der Gewaltspirale"},"content":{"rendered":"<p>Es gibt viele M\u00f6glichkeiten seitens der Gesetzgebung, um aus der Gewaltspirale zu entfliehen \u2013 erschreckend sei jedoch, wie viele Frauen das nicht w\u00fcssten oder trotz der M\u00f6glichkeiten immer wieder ihren gewaltt\u00e4tigen Partner in der gemeinsamen Wohnung aufnehmen. So lautete das Fazit am Dienstagabend, als die Lauterbacher Rechtsanw\u00e4ltin Daniela Elger im Sitzungssaal des Landratsamts vor Fachleuten verschiedener Institutionen zum Thema h\u00e4usliche Gewalt referierte. Unter dem Titel \u201eAlles was Recht ist\u201c zeigte sie auf, wie Frau und Mann der Gewaltspirale entkommen k\u00f6nnen oder welche Rechte jemand hat, wenn er zum Opfer h\u00e4uslicher Gewalt geworden ist \u2013 psychisch oder physisch.<\/p>\n<p>Das Gewaltschutzgesetzt bietet zahlreiche M\u00f6glichkeiten, zum Beispiel kann das Gericht anordnen, dass ein T\u00e4ter sich der Wohnung und dem Arbeitsplatz der verletzten Person fernhalten muss. Das Gericht kann sogar die Kontaktaufnahme in jeglicher Form untersagen, auch die per Telefon oder Internet. Sollten sich T\u00e4ter und Opfer zuf\u00e4llig begegnen, muss sich der T\u00e4ter umgehend von seinem Opfer entfernen und Abstand halten. Paragraf Zwei des Gewaltschutzgesetztes besagt, dass der verletzten Person die vorher gemeinsam genutzte Wohnung zur alleinigen Nutzung zu \u00fcberlassen ist.<\/p>\n<p>Rechtsanw\u00e4ltin Elger gab auch einen \u00dcberblick \u00fcber Einrichtungen, die Betroffenen oder Opfern helfen und sie beraten k\u00f6nnen. Dazu z\u00e4hlt neben dem Frauen-Notruf und der Fachstelle bei sexualisierter Gewalt des Vogelsbergkreises auch das Forensische Konsil Gie\u00dfen, die Schutzambulanz Fulda, der Wei\u00dfe Ring (Au\u00dfenstelle Vogelsbergkreis) sowie alle Partner im Vogelsberger Netzwerk Erziehungsberatung.<\/p>\n<p>Im anschlie\u00dfenden Austausch waren sich die Besucher der Veranstaltung einig: Eine Vernetzung der diversen Anlaufstellen, das gegenseitige \u201eVoneinander-Wissen\u201c und ein reger Austausch untereinander w\u00e4re f\u00fcr alle Beteiligten sehr hilfreich und w\u00fcnschenswert.<br \/>\nDer Vortrag geh\u00f6rte zum Rahmenprogramm der Wanderausstellung zum Thema Frauen und Gewalt, die noch bis einschlie\u00dflich Freitag im Landratsamt zu sehen ist. Veranstalterinnen sind Magdalena Pitzer als Gleichstellungs- und Migrationsbeauftragte sowie das B\u00fcndnis f\u00fcr Familie im Vogelsbergkreis.<\/p>\n","protected":false},"excerpt":{"rendered":"<div class=\"tmnf_excerpt\"><p>Es gibt viele M\u00f6glichkeiten seitens der Gesetzgebung, um aus der Gewaltspirale zu entfliehen \u2013 erschreckend sei jedoch, wie viele Frauen das nicht w\u00fcssten oder trotz der M\u00f6glichkeiten immer wieder ihren gewaltt\u00e4tigen Partner in der gemeinsamen Wohnung aufnehmen. So lautete das Fazit am Dienstagabend, als die Lauterbacher Rechtsanw\u00e4ltin Daniela Elger im Sitzungssaal des Landratsamts vor Fachleuten &hellip;<\/p>\n<\/div>","protected":false},"author":1,"featured_media":138807,"comment_status":"closed","ping_status":"closed","sticky":false,"template":"","format":"standard","meta":{"footnotes":""},"categories":[1],"tags":[],"class_list":["post-138802","post","type-post","status-publish","format-standard","has-post-thumbnail","hentry","category-startseite"],"_links":{"self":[{"href":"https:\/\/www.fuldaernachrichten.de\/index.php?rest_route=\/wp\/v2\/posts\/138802","targetHints":{"allow":["GET"]}}],"collection":[{"href":"https:\/\/www.fuldaernachrichten.de\/index.php?rest_route=\/wp\/v2\/posts"}],"about":[{"href":"https:\/\/www.fuldaernachrichten.de\/index.php?rest_route=\/wp\/v2\/types\/post"}],"author":[{"embeddable":true,"href":"https:\/\/www.fuldaernachrichten.de\/index.php?rest_route=\/wp\/v2\/users\/1"}],"replies":[{"embeddable":true,"href":"https:\/\/www.fuldaernachrichten.de\/index.php?rest_route=%2Fwp%2Fv2%2Fcomments&post=138802"}],"version-history":[{"count":1,"href":"https:\/\/www.fuldaernachrichten.de\/index.php?rest_route=\/wp\/v2\/posts\/138802\/revisions"}],"predecessor-version":[{"id":138808,"href":"https:\/\/www.fuldaernachrichten.de\/index.php?rest_route=\/wp\/v2\/posts\/138802\/revisions\/138808"}],"wp:featuredmedia":[{"embeddable":true,"href":"https:\/\/www.fuldaernachrichten.de\/index.php?rest_route=\/wp\/v2\/media\/138807"}],"wp:attachment":[{"href":"https:\/\/www.fuldaernachrichten.de\/index.php?rest_route=%2Fwp%2Fv2%2Fmedia&parent=138802"}],"wp:term":[{"taxonomy":"category","embeddable":true,"href":"https:\/\/www.fuldaernachrichten.de\/index.php?rest_route=%2Fwp%2Fv2%2Fcategories&post=138802"},{"taxonomy":"post_tag","embeddable":true,"href":"https:\/\/www.fuldaernachrichten.de\/index.php?rest_route=%2Fwp%2Fv2%2Ftags&post=138802"}],"curies":[{"name":"wp","href":"https:\/\/api.w.org\/{rel}","templated":true}]}}