{"id":138799,"date":"2015-05-21T17:28:49","date_gmt":"2015-05-21T15:28:49","guid":{"rendered":"http:\/\/www.fuldaer-nachrichten.de\/?p=138799"},"modified":"2015-05-21T17:28:49","modified_gmt":"2015-05-21T15:28:49","slug":"kinderbetreuung-wir-brauchen-mehr-tagesmuettertagesvaeter-qualifizierung-startet-im-herbst","status":"publish","type":"post","link":"https:\/\/www.fuldaernachrichten.de\/?p=138799","title":{"rendered":"Kinderbetreuung: \u201eWir brauchen mehr Tagesm\u00fctter\/Tagesv\u00e4ter\u201c Qualifizierung startet im Herbst"},"content":{"rendered":"<p>Immer mehr Familien erkennen die Vorteile der Kindertagespflege und w\u00fcnschen sich, dass ihre Kinder in diesem Rahmen betreut werden. Diese \u201eambulante Betreuung\u201c in einer kleinen familien\u00e4hnlichen Gruppe, die den speziellen Bed\u00fcrfnissen von Kindern und Familien entspricht, soll weiter ausgebaut werden, teilt der Erste Kreisbeigeordnete Peter Zielinski mit. Deshalb wird in diesem Herbst ein weiterer Qualifizierungskurs f\u00fcr Kindertagespflegepersonen angeboten. Der Kurs ist f\u00fcr die Teilnehmer kostenfrei.<\/p>\n<p>Die angehenden Tagesbetreuungspersonen werden in einer Grundqualifizierung zu wichtigen rechtlichen, p\u00e4dagogischen und psychologischen Aspekten der Kindertagespflege geschult und auf ihre spannende und wichtige T\u00e4tigkeit vorbereitet. Die Beratung, Qualifizierung, Begleitung und Vermittlung der Kindertagespflegepersonen erfolgt im Vogelsbergkreis in enger Kooperation zwischen der Koordinationsstelle Kindertagesbetreuung des Jugendamts, der Volkshochschule und der Neue Arbeit Vogelsberg gGmbH.<\/p>\n<p>Die Bezahlung der Tagesm\u00fctter\/-v\u00e4ter wurde deutlich verbessert, w\u00e4hrend die Kostenbeitr\u00e4ge f\u00fcr die Eltern nun vergleichbar mit denen f\u00fcr einen Kindergartenplatz sind.<br \/>\nDurch diese positiven Ver\u00e4nderungen entscheiden sich nun immer mehr Eltern f\u00fcr dieses flexible und individuelle Betreuungsangebot in Kleingruppen. In vielen Gemeinden des Vogelsbergkreises sind die Tagesm\u00fctter\/-v\u00e4ter komplett ausgebucht. Um den Bedarfen der Eltern gerecht zu werden, werden nun dringend weitere Betreuungspl\u00e4tze in der Kindertagespflege ben\u00f6tigt. Im Herbst wird daher ein neuer Qualifizierungskurs f\u00fcr Tagesm\u00fctter\/-v\u00e4ter angeboten.<\/p>\n<p>Interessierte Personen k\u00f6nnen sich gerne telefonisch unter der 06641-9774200 oder per Mail unter kindertagespflege@vogelsbergkreis.de\u00c2\u00a0 an die Fachstelle Kindertagespflege des Vogelsbergkreises wenden. Hier erhalten sie alle wichtigen Informationen rund um die Kindertagespflege und k\u00f6nnen zum n\u00e4chsten Qualifizierungskurs angemeldet werden.<\/p>\n","protected":false},"excerpt":{"rendered":"<div class=\"tmnf_excerpt\"><p>Immer mehr Familien erkennen die Vorteile der Kindertagespflege und w\u00fcnschen sich, dass ihre Kinder in diesem Rahmen betreut werden. Diese \u201eambulante Betreuung\u201c in einer kleinen familien\u00e4hnlichen Gruppe, die den speziellen Bed\u00fcrfnissen von Kindern und Familien entspricht, soll weiter ausgebaut werden, teilt der Erste Kreisbeigeordnete Peter Zielinski mit. Deshalb wird in diesem Herbst ein weiterer Qualifizierungskurs &hellip;<\/p>\n<\/div>","protected":false},"author":1,"featured_media":0,"comment_status":"closed","ping_status":"closed","sticky":false,"template":"","format":"standard","meta":{"footnotes":""},"categories":[1],"tags":[],"class_list":["post-138799","post","type-post","status-publish","format-standard","hentry","category-startseite"],"_links":{"self":[{"href":"https:\/\/www.fuldaernachrichten.de\/index.php?rest_route=\/wp\/v2\/posts\/138799","targetHints":{"allow":["GET"]}}],"collection":[{"href":"https:\/\/www.fuldaernachrichten.de\/index.php?rest_route=\/wp\/v2\/posts"}],"about":[{"href":"https:\/\/www.fuldaernachrichten.de\/index.php?rest_route=\/wp\/v2\/types\/post"}],"author":[{"embeddable":true,"href":"https:\/\/www.fuldaernachrichten.de\/index.php?rest_route=\/wp\/v2\/users\/1"}],"replies":[{"embeddable":true,"href":"https:\/\/www.fuldaernachrichten.de\/index.php?rest_route=%2Fwp%2Fv2%2Fcomments&post=138799"}],"version-history":[{"count":1,"href":"https:\/\/www.fuldaernachrichten.de\/index.php?rest_route=\/wp\/v2\/posts\/138799\/revisions"}],"predecessor-version":[{"id":138801,"href":"https:\/\/www.fuldaernachrichten.de\/index.php?rest_route=\/wp\/v2\/posts\/138799\/revisions\/138801"}],"wp:attachment":[{"href":"https:\/\/www.fuldaernachrichten.de\/index.php?rest_route=%2Fwp%2Fv2%2Fmedia&parent=138799"}],"wp:term":[{"taxonomy":"category","embeddable":true,"href":"https:\/\/www.fuldaernachrichten.de\/index.php?rest_route=%2Fwp%2Fv2%2Fcategories&post=138799"},{"taxonomy":"post_tag","embeddable":true,"href":"https:\/\/www.fuldaernachrichten.de\/index.php?rest_route=%2Fwp%2Fv2%2Ftags&post=138799"}],"curies":[{"name":"wp","href":"https:\/\/api.w.org\/{rel}","templated":true}]}}